{"id":1012,"date":"2020-08-05T17:17:18","date_gmt":"2020-08-05T20:17:18","guid":{"rendered":"http:\/\/vocesdebaires.com.ar\/wordpress\/index.php\/2020\/08\/05\/felipe-miguelarea-social-y-de-desarrollo-humano\/"},"modified":"2020-08-05T17:17:18","modified_gmt":"2020-08-05T20:17:18","slug":"felipe-miguelarea-social-y-de-desarrollo-humano","status":"publish","type":"post","link":"https:\/\/vocesdebaires.com.ar\/index.php\/2020\/08\/05\/felipe-miguelarea-social-y-de-desarrollo-humano\/","title":{"rendered":"Felipe Miguel:Area social y de desarrollo humano"},"content":{"rendered":"<p>En el \u00e1rea social y de desarrollo humano, el Gobierno porte\u00f1o declaro ayer en la legislatura que puso en marcha un plan integral de cuidado y acompa\u00f1amiento para los adultos mayores, que son quienes m\u00e1s riesgo corren en esta pandemia ya que 8 de cada 10 personas que mueren son adultos mayores. El plan les ofrece alternativas para que no salgan de sus casas y les da contenci\u00f3n afectiva durante el aislamiento.<\/p>\n<p>Tambi\u00e9n se firm\u00f3 un convenio con encargados para que puedan asistir a los mayores o personas de riesgo que viven en sus edificios, ayud\u00e1ndolos con las compras de alimentos y remedios, paseando a sus mascotas y garantizando la higiene en todos los espacios comunes. Se lanz\u00f3 el programa Mayores Cuidados, en el que se anotaron como voluntarios m\u00e1s de 40.012 vecinos y 13.187 adultos mayores. Se reforz\u00f3 la entrega de alimentos: m\u00e1s de 353.000 vecinos reciben viandas o bolsones de comida.<\/p>\n<p>Y los 471 comedores convenidos y asistidos de la ciudad siguen funcionando con la modalidad de entrega de viandas.El Jefe de Gabinete destac\u00f3 que \u201cdesde el comienzo de la cuarentena incrementamos un 30% la cantidad de alimentos en comedores comunitarios, llegando a 119.077 personas\u201d. Los 76 Centros de Primera Infancia, que dan acompa\u00f1amiento y contenci\u00f3n a los chicos de entre 45 d\u00edas y 3 a\u00f1os, permanecen abiertos para que 36.000 personas puedan retirar el bols\u00f3n de alimentos semanal. Y como complemento, 198.000 vecinos reciben alimentos secos en distintos puntos de la Ciudad. Miguel remarc\u00f3 que \u201cintensificamos el trabajo del Buenos Aires Presente (BAP), que trabaja los 365 d\u00edas del a\u00f1o, las 24 horas\u201d.  \u201cTenemos 40 equipos recorriendo las calles con m\u00f3viles y cuadrillas que van a pie para asistir a las personas en situaci\u00f3n de calle y ofrecerles ir a los paradores\u201d, a\u00f1adi\u00f3.<\/p>\n<p>\u201cAdem\u00e1s, todos los inviernos activamos el Operativo Fr\u00edo, y este a\u00f1o, por la pandemia, reforzamos a\u00fan m\u00e1s nuestra presencia en la calle. Sumamos m\u00e1s de 400 voluntarios, m\u00e1s insumos y abrimos nuevos centros para que la gente pueda estar resguardada\u201d, precis\u00f3 Miguel. Hoy en d\u00eda hay 1.904 personas en los paradores de la Ciudad. A los 32 Centros de Inclusi\u00f3n Social ya existentes, se sumaron 11, de los cuales dos son espec\u00edficos para adultos mayores y uno funciona como centro de aislamiento preventivo para que los que vienen de la calle pasen primero 14 d\u00edas ah\u00ed y luego s\u00ed vayan a alguno de los paradores. D\u00e9 esta manera, la Ciudad cuenta con 43 centros que desde el comienzo de la cuarentena se encuentran abiertos las 24 horas los 7 d\u00edas de la semana, con un total de 3.379 camas.<\/p>\n","protected":false},"excerpt":{"rendered":"<p>En el \u00e1rea social y de desarrollo humano, el Gobierno porte\u00f1o declaro ayer en la legislatura que puso en marcha un plan integral de cuidado y acompa\u00f1amiento para los adultos mayores, que son quienes m\u00e1s riesgo corren en esta pandemia ya que 8 de cada 10 personas que mueren son adultos mayores. El plan les [&hellip;]<\/p>\n","protected":false},"author":1,"featured_media":1013,"comment_status":"open","ping_status":"open","sticky":false,"template":"","format":"standard","meta":{"_et_pb_use_builder":"","_et_pb_old_content":"","_et_gb_content_width":"","footnotes":""},"categories":[11,33],"tags":[],"class_list":["post-1012","post","type-post","status-publish","format-standard","has-post-thumbnail","hentry","category-ciudad","category-sociedad-y-cultura-2"],"_links":{"self":[{"href":"https:\/\/vocesdebaires.com.ar\/index.php\/wp-json\/wp\/v2\/posts\/1012"}],"collection":[{"href":"https:\/\/vocesdebaires.com.ar\/index.php\/wp-json\/wp\/v2\/posts"}],"about":[{"href":"https:\/\/vocesdebaires.com.ar\/index.php\/wp-json\/wp\/v2\/types\/post"}],"author":[{"embeddable":true,"href":"https:\/\/vocesdebaires.com.ar\/index.php\/wp-json\/wp\/v2\/users\/1"}],"replies":[{"embeddable":true,"href":"https:\/\/vocesdebaires.com.ar\/index.php\/wp-json\/wp\/v2\/comments?post=1012"}],"version-history":[{"count":0,"href":"https:\/\/vocesdebaires.com.ar\/index.php\/wp-json\/wp\/v2\/posts\/1012\/revisions"}],"wp:featuredmedia":[{"embeddable":true,"href":"https:\/\/vocesdebaires.com.ar\/index.php\/wp-json\/wp\/v2\/media\/1013"}],"wp:attachment":[{"href":"https:\/\/vocesdebaires.com.ar\/index.php\/wp-json\/wp\/v2\/media?parent=1012"}],"wp:term":[{"taxonomy":"category","embeddable":true,"href":"https:\/\/vocesdebaires.com.ar\/index.php\/wp-json\/wp\/v2\/categories?post=1012"},{"taxonomy":"post_tag","embeddable":true,"href":"https:\/\/vocesdebaires.com.ar\/index.php\/wp-json\/wp\/v2\/tags?post=1012"}],"curies":[{"name":"wp","href":"https:\/\/api.w.org\/{rel}","templated":true}]}}