{"id":1020,"date":"2020-08-05T16:41:08","date_gmt":"2020-08-05T19:41:08","guid":{"rendered":"http:\/\/vocesdebaires.com.ar\/wordpress\/index.php\/2020\/08\/05\/obligacion-del-uso-de-telepase-en-autopistas\/"},"modified":"2020-08-05T16:41:08","modified_gmt":"2020-08-05T19:41:08","slug":"obligacion-del-uso-de-telepase-en-autopistas","status":"publish","type":"post","link":"https:\/\/vocesdebaires.com.ar\/index.php\/2020\/08\/05\/obligacion-del-uso-de-telepase-en-autopistas\/","title":{"rendered":"Obligaci\u00f3n del uso de TelePase en autopistas"},"content":{"rendered":"<p>El jefe de Gabinete porte\u00f1o, Felipe Miguel, brind\u00f3 ayer su primer informe de gesti\u00f3n del a\u00f1o ante la Legislatura porte\u00f1a, donde anunci\u00f3 que a partir del 28 de agosto ser\u00e1 obligatorio el uso del TelePase en todas las autopistas de la Ciudad de Buenos Aires. \u00abEsta es una medida prioritariamente sanitaria que apunta a reducir los riesgos de contagio en las cabinas de peaje. La adhesi\u00f3n va a ser gratuita para los que todav\u00eda no est\u00e1n adheridos, que hoy es el 40% de los usuarios de autopistas. Y quiero llevarles tranquilidad a los trabajadores: vamos a garantizar todas las fuentes de trabajo\u201d, expres\u00f3 al respecto.<\/p>\n<p>Miguel hizo un repaso por las distintas iniciativas que lleva adelante el Poder Ejecutivo porte\u00f1o encabezado por Horacio Rodr\u00edguez Larreta en el marco de la pandemia, y destac\u00f3 el trabajo realizado en Salud, G\u00e9nero, Educaci\u00f3n, Seguridad, Mantenimiento e Higiene, Transporte y Movilidad, y Econom\u00eda.Adem\u00e1s, resalt\u00f3 que la pandemia \u201cnos encuentra a todos los espacios pol\u00edticos trabajando juntos m\u00e1s all\u00e1 de las diferencias que podamos tener\u201d y que \u201cHoracio promovi\u00f3, desde un primer momento, un trabajo coordinado con el Gobierno nacional, el de la Provincia y con todos los bloques\u201d.<\/p>\n","protected":false},"excerpt":{"rendered":"<p>El jefe de Gabinete porte\u00f1o, Felipe Miguel, brind\u00f3 ayer su primer informe de gesti\u00f3n del a\u00f1o ante la Legislatura porte\u00f1a, donde anunci\u00f3 que a partir del 28 de agosto ser\u00e1 obligatorio el uso del TelePase en todas las autopistas de la Ciudad de Buenos Aires. \u00abEsta es una medida prioritariamente sanitaria que apunta a reducir [&hellip;]<\/p>\n","protected":false},"author":1,"featured_media":1021,"comment_status":"open","ping_status":"open","sticky":false,"template":"","format":"standard","meta":{"_et_pb_use_builder":"","_et_pb_old_content":"","_et_gb_content_width":"","footnotes":""},"categories":[11,33],"tags":[],"class_list":["post-1020","post","type-post","status-publish","format-standard","has-post-thumbnail","hentry","category-ciudad","category-sociedad-y-cultura-2"],"_links":{"self":[{"href":"https:\/\/vocesdebaires.com.ar\/index.php\/wp-json\/wp\/v2\/posts\/1020"}],"collection":[{"href":"https:\/\/vocesdebaires.com.ar\/index.php\/wp-json\/wp\/v2\/posts"}],"about":[{"href":"https:\/\/vocesdebaires.com.ar\/index.php\/wp-json\/wp\/v2\/types\/post"}],"author":[{"embeddable":true,"href":"https:\/\/vocesdebaires.com.ar\/index.php\/wp-json\/wp\/v2\/users\/1"}],"replies":[{"embeddable":true,"href":"https:\/\/vocesdebaires.com.ar\/index.php\/wp-json\/wp\/v2\/comments?post=1020"}],"version-history":[{"count":0,"href":"https:\/\/vocesdebaires.com.ar\/index.php\/wp-json\/wp\/v2\/posts\/1020\/revisions"}],"wp:featuredmedia":[{"embeddable":true,"href":"https:\/\/vocesdebaires.com.ar\/index.php\/wp-json\/wp\/v2\/media\/1021"}],"wp:attachment":[{"href":"https:\/\/vocesdebaires.com.ar\/index.php\/wp-json\/wp\/v2\/media?parent=1020"}],"wp:term":[{"taxonomy":"category","embeddable":true,"href":"https:\/\/vocesdebaires.com.ar\/index.php\/wp-json\/wp\/v2\/categories?post=1020"},{"taxonomy":"post_tag","embeddable":true,"href":"https:\/\/vocesdebaires.com.ar\/index.php\/wp-json\/wp\/v2\/tags?post=1020"}],"curies":[{"name":"wp","href":"https:\/\/api.w.org\/{rel}","templated":true}]}}