{"id":1022,"date":"2020-08-05T16:26:09","date_gmt":"2020-08-05T19:26:09","guid":{"rendered":"http:\/\/vocesdebaires.com.ar\/wordpress\/index.php\/2020\/08\/05\/el-impacto-del-acuerdo-en-las-pymes\/"},"modified":"2020-08-05T16:26:09","modified_gmt":"2020-08-05T19:26:09","slug":"el-impacto-del-acuerdo-en-las-pymes","status":"publish","type":"post","link":"https:\/\/vocesdebaires.com.ar\/index.php\/2020\/08\/05\/el-impacto-del-acuerdo-en-las-pymes\/","title":{"rendered":"El impacto del acuerdo en las PYMES"},"content":{"rendered":"<p>El Gobierno nacional ha dado un paso fundamental con la resoluci\u00f3n del frente externo, para brindar un marco de certidumbre y previsibilidad que permita enfocarse de lleno en la agenda de la recuperaci\u00f3n productiva de nuestro pa\u00eds. El presidente Alberto Fern\u00e1ndez nos dijo, hace pocos d\u00edas, que las pymes son sus principales aliados, y en CAME estamos convencidos de ello. La agenda de las pymes es la agenda de la producci\u00f3n, el trabajo argentino y el consumo interno.<\/p>\n<p>Siempre decimos que, como nos ense\u00f1a el Papa Francisco, la unidad es superior al conflicto, unidos frente al afuera y la unidad de adentro van a permitir la reconstrucci\u00f3n, la recuperaci\u00f3n, el rebote y el despegue, donde las pymes seremos un actor central. Por eso, el acuerdo era esencial para poder empezar un proceso de recuperaci\u00f3n econ\u00f3mica que d\u00e9 previsibilidad a los inversores. Permitir\u00e1 avanzar tambi\u00e9n con el FMI, para que Argentina pueda acceder a cr\u00e9ditos internacionales y a una baja del costo de financiamiento externo, que van a repercutir favorablemente en toda la econom\u00eda, con un plazo de pago acorde a lo que el pa\u00eds puede pagar.<\/p>\n<p>Para las pymes exportadoras este avance con los bonistas privados significa que no se les cerrar\u00e1n los mercados y podr\u00e1n abrir nuevos. Por eso, para Argentina es muy importante que al finalizar la pandemia el tema de la deuda est\u00e9 resuelto.Tras este gran acuerdo, el pr\u00f3ximo paso es la reactivaci\u00f3n productiva. En ese sentido, una carga impositiva diferencial por regiones para incentivar al interior profundo podr\u00eda ser la clave, porque tiene ciertas ventajas contra el Covid-19 respecto a las grandes ciudades.<\/p>\n","protected":false},"excerpt":{"rendered":"<p>El Gobierno nacional ha dado un paso fundamental con la resoluci\u00f3n del frente externo, para brindar un marco de certidumbre y previsibilidad que permita enfocarse de lleno en la agenda de la recuperaci\u00f3n productiva de nuestro pa\u00eds. El presidente Alberto Fern\u00e1ndez nos dijo, hace pocos d\u00edas, que las pymes son sus principales aliados, y en [&hellip;]<\/p>\n","protected":false},"author":1,"featured_media":1023,"comment_status":"open","ping_status":"open","sticky":false,"template":"","format":"standard","meta":{"_et_pb_use_builder":"","_et_pb_old_content":"","_et_gb_content_width":"","footnotes":""},"categories":[11,33],"tags":[],"class_list":["post-1022","post","type-post","status-publish","format-standard","has-post-thumbnail","hentry","category-ciudad","category-sociedad-y-cultura-2"],"_links":{"self":[{"href":"https:\/\/vocesdebaires.com.ar\/index.php\/wp-json\/wp\/v2\/posts\/1022"}],"collection":[{"href":"https:\/\/vocesdebaires.com.ar\/index.php\/wp-json\/wp\/v2\/posts"}],"about":[{"href":"https:\/\/vocesdebaires.com.ar\/index.php\/wp-json\/wp\/v2\/types\/post"}],"author":[{"embeddable":true,"href":"https:\/\/vocesdebaires.com.ar\/index.php\/wp-json\/wp\/v2\/users\/1"}],"replies":[{"embeddable":true,"href":"https:\/\/vocesdebaires.com.ar\/index.php\/wp-json\/wp\/v2\/comments?post=1022"}],"version-history":[{"count":0,"href":"https:\/\/vocesdebaires.com.ar\/index.php\/wp-json\/wp\/v2\/posts\/1022\/revisions"}],"wp:featuredmedia":[{"embeddable":true,"href":"https:\/\/vocesdebaires.com.ar\/index.php\/wp-json\/wp\/v2\/media\/1023"}],"wp:attachment":[{"href":"https:\/\/vocesdebaires.com.ar\/index.php\/wp-json\/wp\/v2\/media?parent=1022"}],"wp:term":[{"taxonomy":"category","embeddable":true,"href":"https:\/\/vocesdebaires.com.ar\/index.php\/wp-json\/wp\/v2\/categories?post=1022"},{"taxonomy":"post_tag","embeddable":true,"href":"https:\/\/vocesdebaires.com.ar\/index.php\/wp-json\/wp\/v2\/tags?post=1022"}],"curies":[{"name":"wp","href":"https:\/\/api.w.org\/{rel}","templated":true}]}}