{"id":1024,"date":"2020-08-04T03:00:00","date_gmt":"2020-08-04T06:00:00","guid":{"rendered":"http:\/\/vocesdebaires.com.ar\/wordpress\/index.php\/2020\/08\/04\/amia-feja36-horas-de-solidaridad-y-compromiso\/"},"modified":"2020-08-04T03:00:00","modified_gmt":"2020-08-04T06:00:00","slug":"amia-feja36-horas-de-solidaridad-y-compromiso","status":"publish","type":"post","link":"https:\/\/vocesdebaires.com.ar\/index.php\/2020\/08\/04\/amia-feja36-horas-de-solidaridad-y-compromiso\/","title":{"rendered":"AMIA-FEJA:36 horas de solidaridad y compromiso"},"content":{"rendered":"<p>ajo el lema \u201cSolo la educaci\u00f3n garantiza la continuidad\u201d, AMIA y la Federaci\u00f3n de Escuelas Jud\u00edas Argentinas (FEJA) convocan a la sociedad a colaborar en la campa\u00f1a que lanzaron para ayudar al sostenimiento de los colegios de la Red Escolar Jud\u00eda. La iniciativa solidaria se realizar\u00e1 desde el martes 4 de agosto, a las 11, hasta el mi\u00e9rcoles 5 de agosto, a las 23. El aporte realizado valdr\u00e1 doble porque durante las 36 horas en las que se extender\u00e1 la campa\u00f1a, un grupo de donantes duplicar\u00e1 lo recaudado \u201cpara que todos los chicos puedan seguir accediendo a la educaci\u00f3n jud\u00eda\u00bb. Los interesados en colaborar deben ingresar al\u00a0 link donaci\u00f3n.com.ar\/educaci\u00f3n.<\/p>\n<p>\u201cCon cada aporte estar\u00e1n realizando una gran inversi\u00f3n\u201d, destacaron los organizadores de la iniciativa.\u201cEstar\u00e1n consolidando un fondo de becas de emergencia. Muchas familias tal vez se queden sin la posibilidad de brindarle a sus hijos la educaci\u00f3n que desde hace cien a\u00f1os ofrecen las escuelas comunitarias en todo el pa\u00eds. Esta campa\u00f1a quiere evitar y frenar la deserci\u00f3n escolar en los colegios de la Red. La educaci\u00f3n jud\u00eda es aquella que nos da identidad, creatividad y cultura para toda la vida. Por eso, debemos defenderla y velar por su futuro\u201d.<\/p>\n<p><strong>Cooperaci\u00f3n y trabajo en conjunto<\/strong> <br \/>La Red Escolar Jud\u00eda nuclea a m\u00e1s de 24.000 alumnos y garantiza un espacio de formaci\u00f3n y excelencia, dentro de la amplia diversidad ideol\u00f3gica y religiosa que distingue a la comunidad jud\u00eda de la Argentina.<br \/>Desde el 19 de marzo, cuando se decret\u00f3 el aislamiento obligatorio, y se cerraron los colegios, el retraso en la cobranza de aranceles fue en aumento. En muchas escuelas, la mora en el abono de las cuotas lleg\u00f3 hasta el 60%, situaci\u00f3n que ocasiona que los establecimientos no puedan enfrentar sus obligaciones habituales.Desde entonces y para aliviar el duro impacto que la crisis econ\u00f3mica causada por la pandemia provoc\u00f3 en el sector educativo de la comunidad, AMIA y FEJA se encuentran trabajando de manera coordinada para potenciar, entre otras acciones, campa\u00f1as de recaudaci\u00f3n de fondos para poder cubrir las necesidades m\u00e1s apremiantes que se registran en la actualidad.<\/p>\n","protected":false},"excerpt":{"rendered":"<p>ajo el lema \u201cSolo la educaci\u00f3n garantiza la continuidad\u201d, AMIA y la Federaci\u00f3n de Escuelas Jud\u00edas Argentinas (FEJA) convocan a la sociedad a colaborar en la campa\u00f1a que lanzaron para ayudar al sostenimiento de los colegios de la Red Escolar Jud\u00eda. La iniciativa solidaria se realizar\u00e1 desde el martes 4 de agosto, a las 11, [&hellip;]<\/p>\n","protected":false},"author":1,"featured_media":1025,"comment_status":"open","ping_status":"open","sticky":false,"template":"","format":"standard","meta":{"_et_pb_use_builder":"","_et_pb_old_content":"","_et_gb_content_width":"","footnotes":""},"categories":[11,33],"tags":[],"class_list":["post-1024","post","type-post","status-publish","format-standard","has-post-thumbnail","hentry","category-ciudad","category-sociedad-y-cultura-2"],"_links":{"self":[{"href":"https:\/\/vocesdebaires.com.ar\/index.php\/wp-json\/wp\/v2\/posts\/1024"}],"collection":[{"href":"https:\/\/vocesdebaires.com.ar\/index.php\/wp-json\/wp\/v2\/posts"}],"about":[{"href":"https:\/\/vocesdebaires.com.ar\/index.php\/wp-json\/wp\/v2\/types\/post"}],"author":[{"embeddable":true,"href":"https:\/\/vocesdebaires.com.ar\/index.php\/wp-json\/wp\/v2\/users\/1"}],"replies":[{"embeddable":true,"href":"https:\/\/vocesdebaires.com.ar\/index.php\/wp-json\/wp\/v2\/comments?post=1024"}],"version-history":[{"count":0,"href":"https:\/\/vocesdebaires.com.ar\/index.php\/wp-json\/wp\/v2\/posts\/1024\/revisions"}],"wp:featuredmedia":[{"embeddable":true,"href":"https:\/\/vocesdebaires.com.ar\/index.php\/wp-json\/wp\/v2\/media\/1025"}],"wp:attachment":[{"href":"https:\/\/vocesdebaires.com.ar\/index.php\/wp-json\/wp\/v2\/media?parent=1024"}],"wp:term":[{"taxonomy":"category","embeddable":true,"href":"https:\/\/vocesdebaires.com.ar\/index.php\/wp-json\/wp\/v2\/categories?post=1024"},{"taxonomy":"post_tag","embeddable":true,"href":"https:\/\/vocesdebaires.com.ar\/index.php\/wp-json\/wp\/v2\/tags?post=1024"}],"curies":[{"name":"wp","href":"https:\/\/api.w.org\/{rel}","templated":true}]}}