{"id":1026,"date":"2020-08-04T03:00:00","date_gmt":"2020-08-04T06:00:00","guid":{"rendered":"http:\/\/vocesdebaires.com.ar\/wordpress\/index.php\/2020\/08\/04\/audiencias-publicas-por-nomenclaturas\/"},"modified":"2020-08-04T03:00:00","modified_gmt":"2020-08-04T06:00:00","slug":"audiencias-publicas-por-nomenclaturas","status":"publish","type":"post","link":"https:\/\/vocesdebaires.com.ar\/index.php\/2020\/08\/04\/audiencias-publicas-por-nomenclaturas\/","title":{"rendered":"Audiencias P\u00fablicas por nomenclaturas"},"content":{"rendered":"<p>Mediante sucesivas Audiencias P\u00fablicas realizadas ayer lunes por videoconferencia, se trataron varios proyectos de ley destinados a denominar espacios e instituciones p\u00fablicas, as\u00ed como la aceptaci\u00f3n de un busto donado por la Rep\u00fablica de Angola. Las audiencias fueron conducidas de manera remota por el presidente de la comisi\u00f3n legislativa de Cultura, legislador Roy Cortina (PS), con la participaci\u00f3n de otros legisladores: Carolia Estebarena, Mar\u00eda Luisa Gonz\u00e1lez Estevarena, Cecilia Ferrero y Guillermo Su\u00e1rez (VJ); Patricia Vischi y Marcelo Guouman (UCR).<\/p>\n<p>Una de las iniciativas busca imponer el nombre de Raquel Liberman adosado al de la actual estaci\u00f3n Callao de la l\u00ednea D de subterr\u00e1neos. Se trata de un homenaje a una mujer jud\u00eda de origen polaco que fue v\u00edctima de \u201ctrata de blancas\u201d en los a\u00f1os 20 y, sobre el fin de esa d\u00e9cada, sus denuncias permitieron desbaratar una red internacional de explotaci\u00f3n sexual. Una de las expositoras en esta Audiencia fue la escritora Myrtha Schalom y hubo una adhesi\u00f3n que hizo llegar la embajadora de Polonia en Buenos Aires.Otro de los temas tratados fue la aceptaci\u00f3n de una donaci\u00f3n de la embajada de la Rep\u00fablica de Angola.<\/p>\n<p>Se trata de un busto del m\u00e1ximo l\u00edder de esa joven naci\u00f3n africana, que obtuvo su independencia en 1975. Es en homenaje a su pr\u00f3cer independentista y primer presidente soberano, Agostinho Nieto, pol\u00edtico, m\u00e9dico, escritor y revolucionario anti colonial angole\u00f1o. En esa Audiencia P\u00fablica expusieron una funcionaria de la embajada y un argentino que representa en Buenos Aires a la Fundaci\u00f3n que dirige la viuda del ex presidente Nieto. Otros proyectos sobre nomenclatura tratados fueron: \u201cJuan de Dios Filiberto\u201d a una escuela integral; \u201cDi\u00f3genes Taborda\u201d para una escuela infantil; \u00abJohn Malcolm\u201d a un patio verde de esparcimiento, y \u201cMi Refugio\u201d al patio de juegos del Paseo de las Am\u00e9ricas.<\/p>\n","protected":false},"excerpt":{"rendered":"<p>Mediante sucesivas Audiencias P\u00fablicas realizadas ayer lunes por videoconferencia, se trataron varios proyectos de ley destinados a denominar espacios e instituciones p\u00fablicas, as\u00ed como la aceptaci\u00f3n de un busto donado por la Rep\u00fablica de Angola. Las audiencias fueron conducidas de manera remota por el presidente de la comisi\u00f3n legislativa de Cultura, legislador Roy Cortina (PS), [&hellip;]<\/p>\n","protected":false},"author":1,"featured_media":1027,"comment_status":"open","ping_status":"open","sticky":false,"template":"","format":"standard","meta":{"_et_pb_use_builder":"","_et_pb_old_content":"","_et_gb_content_width":"","footnotes":""},"categories":[11,33],"tags":[],"class_list":["post-1026","post","type-post","status-publish","format-standard","has-post-thumbnail","hentry","category-ciudad","category-sociedad-y-cultura-2"],"_links":{"self":[{"href":"https:\/\/vocesdebaires.com.ar\/index.php\/wp-json\/wp\/v2\/posts\/1026"}],"collection":[{"href":"https:\/\/vocesdebaires.com.ar\/index.php\/wp-json\/wp\/v2\/posts"}],"about":[{"href":"https:\/\/vocesdebaires.com.ar\/index.php\/wp-json\/wp\/v2\/types\/post"}],"author":[{"embeddable":true,"href":"https:\/\/vocesdebaires.com.ar\/index.php\/wp-json\/wp\/v2\/users\/1"}],"replies":[{"embeddable":true,"href":"https:\/\/vocesdebaires.com.ar\/index.php\/wp-json\/wp\/v2\/comments?post=1026"}],"version-history":[{"count":0,"href":"https:\/\/vocesdebaires.com.ar\/index.php\/wp-json\/wp\/v2\/posts\/1026\/revisions"}],"wp:featuredmedia":[{"embeddable":true,"href":"https:\/\/vocesdebaires.com.ar\/index.php\/wp-json\/wp\/v2\/media\/1027"}],"wp:attachment":[{"href":"https:\/\/vocesdebaires.com.ar\/index.php\/wp-json\/wp\/v2\/media?parent=1026"}],"wp:term":[{"taxonomy":"category","embeddable":true,"href":"https:\/\/vocesdebaires.com.ar\/index.php\/wp-json\/wp\/v2\/categories?post=1026"},{"taxonomy":"post_tag","embeddable":true,"href":"https:\/\/vocesdebaires.com.ar\/index.php\/wp-json\/wp\/v2\/tags?post=1026"}],"curies":[{"name":"wp","href":"https:\/\/api.w.org\/{rel}","templated":true}]}}