{"id":1042,"date":"2020-08-03T15:45:01","date_gmt":"2020-08-03T18:45:01","guid":{"rendered":"http:\/\/vocesdebaires.com.ar\/wordpress\/index.php\/2020\/08\/03\/villa-crespo-detuvieron-al-quemacoches\/"},"modified":"2020-08-03T15:45:01","modified_gmt":"2020-08-03T18:45:01","slug":"villa-crespo-detuvieron-al-quemacoches","status":"publish","type":"post","link":"https:\/\/vocesdebaires.com.ar\/index.php\/2020\/08\/03\/villa-crespo-detuvieron-al-quemacoches\/","title":{"rendered":"Villa Crespo detuvieron al quemacoches"},"content":{"rendered":"<p>La Polic\u00eda de la Ciudad detuvo en las \u00faltimas horas en el Barrio 31 de Retiro al hombre, de nacionalidad uruguaya, que el domingo pasado incendi\u00f3 siete autos y seis motos en Villa Crespo.\u00a0 Actuaron en la detenci\u00f3n e investigaci\u00f3n, personal de Brigada de las Comunas 15, 12 y 11 de la Polic\u00eda de la Ciudad, en el marco de una causa llevada adelante por la Fiscal\u00eda Penal Contravencional y de Faltas N\u00famero 2, a cargo del doctor Norberto Brotto. El hombre, de 44 a\u00f1os, viv\u00eda en situaci\u00f3n de calle y fue detectado en el Barrio 31, donde se mov\u00eda habitualmente. Los ataques del quemacoches se registraron el pasado domingo en Darwin al 800, Camargo y Humboldt, Campana y Galicia, Ram\u00edrez de Velazco al 1100, Vera al 1200, Camargo al 1200 y Darwin al 200.<\/p>\n<p>El mismo d\u00eda de los ataques a los veh\u00edculos estacionados, se conformaron tres equipos de trabajo para hacer relevamientos en distintos lugares y recolectar elementos probatorios que permitan individualizar al autor de los incendios. De esta manera, se obtuvo material f\u00edlmico, con el que se pudo individualizar a un hombre de contextura delgada, de 1.70 metros de altura, aproximadamente, que vest\u00eda en el momento de la agresi\u00f3n un abrigo tipo saco, pantal\u00f3n largo, gorra con visera, zapatillas con suela blanca y cubre boca blanco, con una bolsa de pl\u00e1stico en la mano con publicidad de color rojo y teniendo una dificultad para caminar.<\/p>\n<p>Tambi\u00e9n, se estableci\u00f3 que el hombre operaba en cada lugar donde se encontraba una moto estacionada y que le desconectaba la manguera de combustible, haciendo correr el l\u00edquido por la vereda hacia la calle y provocando el foco \u00edgneo para luego alcanzar con las llamas a los veh\u00edculos estacionados. En tanto, mientras se desarrollaba esta investigaci\u00f3n, se conoci\u00f3 de un hecho de similares caracter\u00edsticas registrado por la Comuna 11, en la calle Galicia, entre Concordia y Cuenca, en Villa Santa Rita. D\u00e9 esta manera, los oficiales intercambiaron informaci\u00f3n y sacaron como conclusi\u00f3n que el autor de todos estos hechos era la misma persona.<\/p>\n<p>Paso siguiente, se efectu\u00f3 un seguimiento del recorrido del imputado y, con la colaboraci\u00f3n de la Brigada de la Comuna 12, se logr\u00f3 unir toda la informaci\u00f3n recolectada y se la envi\u00f3 a la Fiscal\u00eda actuante. El Fiscal aval\u00f3 lo trabajado y solicit\u00f3 la inmediata detenci\u00f3n del hombre, que fue localizado en inmediaciones del Barrio 31 de Retiro. Una vez capturado, se lo traslad\u00f3 a la Comuna 15 para que se lleven a cabo los tr\u00e1mites de rigor. En la dependencia policial, se lo requis\u00f3 y se le secuestr\u00f3 una mochila con 25 encendedores pl\u00e1sticos, una caja de f\u00f3sforos, una gorra negra con visera y un morral. Luego, se consult\u00f3 con la Fiscal\u00eda y el doctor Brotto convalid\u00f3 con lo actuado y solicit\u00f3 que se efect\u00faen las medidas requeridas en la orden de detenci\u00f3n.<\/p>\n","protected":false},"excerpt":{"rendered":"<p>La Polic\u00eda de la Ciudad detuvo en las \u00faltimas horas en el Barrio 31 de Retiro al hombre, de nacionalidad uruguaya, que el domingo pasado incendi\u00f3 siete autos y seis motos en Villa Crespo.\u00a0 Actuaron en la detenci\u00f3n e investigaci\u00f3n, personal de Brigada de las Comunas 15, 12 y 11 de la Polic\u00eda de la [&hellip;]<\/p>\n","protected":false},"author":1,"featured_media":1043,"comment_status":"open","ping_status":"open","sticky":false,"template":"","format":"standard","meta":{"_et_pb_use_builder":"","_et_pb_old_content":"","_et_gb_content_width":"","footnotes":""},"categories":[11,32],"tags":[],"class_list":["post-1042","post","type-post","status-publish","format-standard","has-post-thumbnail","hentry","category-ciudad","category-comunas"],"_links":{"self":[{"href":"https:\/\/vocesdebaires.com.ar\/index.php\/wp-json\/wp\/v2\/posts\/1042"}],"collection":[{"href":"https:\/\/vocesdebaires.com.ar\/index.php\/wp-json\/wp\/v2\/posts"}],"about":[{"href":"https:\/\/vocesdebaires.com.ar\/index.php\/wp-json\/wp\/v2\/types\/post"}],"author":[{"embeddable":true,"href":"https:\/\/vocesdebaires.com.ar\/index.php\/wp-json\/wp\/v2\/users\/1"}],"replies":[{"embeddable":true,"href":"https:\/\/vocesdebaires.com.ar\/index.php\/wp-json\/wp\/v2\/comments?post=1042"}],"version-history":[{"count":0,"href":"https:\/\/vocesdebaires.com.ar\/index.php\/wp-json\/wp\/v2\/posts\/1042\/revisions"}],"wp:featuredmedia":[{"embeddable":true,"href":"https:\/\/vocesdebaires.com.ar\/index.php\/wp-json\/wp\/v2\/media\/1043"}],"wp:attachment":[{"href":"https:\/\/vocesdebaires.com.ar\/index.php\/wp-json\/wp\/v2\/media?parent=1042"}],"wp:term":[{"taxonomy":"category","embeddable":true,"href":"https:\/\/vocesdebaires.com.ar\/index.php\/wp-json\/wp\/v2\/categories?post=1042"},{"taxonomy":"post_tag","embeddable":true,"href":"https:\/\/vocesdebaires.com.ar\/index.php\/wp-json\/wp\/v2\/tags?post=1042"}],"curies":[{"name":"wp","href":"https:\/\/api.w.org\/{rel}","templated":true}]}}