{"id":1046,"date":"2020-08-19T03:00:00","date_gmt":"2020-08-19T06:00:00","guid":{"rendered":"http:\/\/vocesdebaires.com.ar\/wordpress\/index.php\/2020\/08\/19\/boca-river-festejaron-el-dia-del-nino\/"},"modified":"2020-08-19T03:00:00","modified_gmt":"2020-08-19T06:00:00","slug":"boca-river-festejaron-el-dia-del-nino","status":"publish","type":"post","link":"https:\/\/vocesdebaires.com.ar\/index.php\/2020\/08\/19\/boca-river-festejaron-el-dia-del-nino\/","title":{"rendered":"Boca, River festejaron el d\u00eda del ni\u00f1o"},"content":{"rendered":"<p>Mar\u00eda Migliore, particip\u00f3 junto a las autoridades de la Fundaci\u00f3n Boca Social y Fundaci\u00f3n River Plate de diferentes acciones en el marco del d\u00eda de la ni\u00f1ez. C\u00f3mo una continuidad en la serie de actividades realizadas en conjunto con Boca y River, esta tarde se visitaron diferentes Hogares, Centros de Inclusi\u00f3n y Comedores en la ciudad donde se entregaron juguetes y juegos en el marco del d\u00eda de la ni\u00f1ez. Junto al vicepresidente de la Fundaci\u00f3n Boca Social, Carlos Arb\u00eda, y la presidenta de la Fundaci\u00f3n River Plate, Clara D\u2019onofrio, se les entreg\u00f3 un regalo a cada uno de los 784 ni\u00f1os, ni\u00f1as y adolescentes que se alojan en los 6 Hogares Convivenciales Propios, los 36 Hogares Convenido, los 2 Centros de D\u00eda y Noche y los 4 Programas de Acogimiento Familiar de la Ciudad.<\/p>\n<p>\u201cHace unas semanas junto a Boca, River y la Red Solidaria, nos propusimos trabajar en conjunto en el Operativo Frio de la Ciudad, para que no haya ninguna persona en situaci\u00f3n de calle. Hoy logramos nuevamente trabajar en conjunto para que los chicos de la ciudad puedan tambi\u00e9n recibir su regalo y disfrutar de su d\u00eda. Me alegra mucho ver c\u00f3mo podemos articular en conjunto, la Ciudad, el F\u00fatbol y las organizaciones para que entre todos podamos ser parte de la soluci\u00f3n\u201d, dijo Migliore.<\/p>\n","protected":false},"excerpt":{"rendered":"<p>Mar\u00eda Migliore, particip\u00f3 junto a las autoridades de la Fundaci\u00f3n Boca Social y Fundaci\u00f3n River Plate de diferentes acciones en el marco del d\u00eda de la ni\u00f1ez. C\u00f3mo una continuidad en la serie de actividades realizadas en conjunto con Boca y River, esta tarde se visitaron diferentes Hogares, Centros de Inclusi\u00f3n y Comedores en la [&hellip;]<\/p>\n","protected":false},"author":1,"featured_media":1047,"comment_status":"open","ping_status":"open","sticky":false,"template":"","format":"standard","meta":{"_et_pb_use_builder":"","_et_pb_old_content":"","_et_gb_content_width":"","footnotes":""},"categories":[11,32],"tags":[],"class_list":["post-1046","post","type-post","status-publish","format-standard","has-post-thumbnail","hentry","category-ciudad","category-comunas"],"_links":{"self":[{"href":"https:\/\/vocesdebaires.com.ar\/index.php\/wp-json\/wp\/v2\/posts\/1046"}],"collection":[{"href":"https:\/\/vocesdebaires.com.ar\/index.php\/wp-json\/wp\/v2\/posts"}],"about":[{"href":"https:\/\/vocesdebaires.com.ar\/index.php\/wp-json\/wp\/v2\/types\/post"}],"author":[{"embeddable":true,"href":"https:\/\/vocesdebaires.com.ar\/index.php\/wp-json\/wp\/v2\/users\/1"}],"replies":[{"embeddable":true,"href":"https:\/\/vocesdebaires.com.ar\/index.php\/wp-json\/wp\/v2\/comments?post=1046"}],"version-history":[{"count":0,"href":"https:\/\/vocesdebaires.com.ar\/index.php\/wp-json\/wp\/v2\/posts\/1046\/revisions"}],"wp:featuredmedia":[{"embeddable":true,"href":"https:\/\/vocesdebaires.com.ar\/index.php\/wp-json\/wp\/v2\/media\/1047"}],"wp:attachment":[{"href":"https:\/\/vocesdebaires.com.ar\/index.php\/wp-json\/wp\/v2\/media?parent=1046"}],"wp:term":[{"taxonomy":"category","embeddable":true,"href":"https:\/\/vocesdebaires.com.ar\/index.php\/wp-json\/wp\/v2\/categories?post=1046"},{"taxonomy":"post_tag","embeddable":true,"href":"https:\/\/vocesdebaires.com.ar\/index.php\/wp-json\/wp\/v2\/tags?post=1046"}],"curies":[{"name":"wp","href":"https:\/\/api.w.org\/{rel}","templated":true}]}}