{"id":1050,"date":"2020-08-19T03:00:00","date_gmt":"2020-08-19T06:00:00","guid":{"rendered":"http:\/\/vocesdebaires.com.ar\/wordpress\/index.php\/2020\/08\/19\/amia-festejo-virtual-en-el-dia-del-nino\/"},"modified":"2020-08-19T03:00:00","modified_gmt":"2020-08-19T06:00:00","slug":"amia-festejo-virtual-en-el-dia-del-nino","status":"publish","type":"post","link":"https:\/\/vocesdebaires.com.ar\/index.php\/2020\/08\/19\/amia-festejo-virtual-en-el-dia-del-nino\/","title":{"rendered":"AMIA: Festejo virtual en el D\u00eda del ni\u00f1o"},"content":{"rendered":"<p>Con la participaci\u00f3n de artistas muy reconocidos y admirados por el p\u00fablico infantil como Pi\u00f1\u00f3n Fijo, Adriana, La Pipetu\u00e1 y el \u201cBicho\u201d G\u00f3mez, AMIA celebrar\u00e1 ma\u00f1ana jueves 20 de agosto, a las 17:30, el D\u00eda de la Ni\u00f1ez. Virtual y gratuito, el festejo es abierto a toda la sociedad y se podr\u00e1 seguir en vivo desde las cuentas AMIAonline en YouTube y Facebook. \u00abEste a\u00f1o no podemos realizar la tradicional celebraci\u00f3n que sol\u00edamos hacer. Pero gracias a la generosidad de los artistas que se sumaron y con la tecnolog\u00eda disponible, podremos llegar a m\u00e1s familias y compartir un momento de recreaci\u00f3n, entretenimiento y aprendizaje, a pesar de la distancia\u201d, se\u00f1al\u00f3 Fanny Kohon, directora del \u00e1rea de Programas Sociales de la instituci\u00f3n.<\/p>\n<p>\u201cInvitamos a todos a sumarse y ser parte de un espect\u00e1culo que estamos organizando para valorar y destacar los derechos de la infancia\u201d, agreg\u00f3. La celebraci\u00f3n contar\u00e1 con una sorpresa que los organizadores anticipan como \u201cmuy especial\u201d.\u00a0 Adem\u00e1s de las actuaciones de Adriana, La Pipetu\u00e1, el \u201cBicho\u201d G\u00f3mez y Pi\u00f1\u00f3n Fijo, quien participar\u00e1 junto a Solcito y Jerem\u00edas, tambi\u00e9n estar\u00e1n presentes en el festejo el trapero Eric Gerschovsky \u201cGorchi\u201d, y el dibujante Jorh, quien junto a Olga Walter, voluntaria del proyecto \u201cCuentacuentos\u201d de AMIA, compartir\u00e1n un momento de creaci\u00f3n art\u00edstica. \u00abSera una tarde llena de sorpresas, diversi\u00f3n y alegr\u00eda. Agradecemos a todos los artistas que nos acompa\u00f1ar\u00e1n en esta gran celebraci\u00f3n virtual e invitamos a todas las familias a que se conecten el pr\u00f3ximo jueves a las 17:30 para ser parte de una experiencia \u00fanica\u201d, expresaron desde el Departamento de Programas Sociales, a cargo de la organizaci\u00f3n del festejo.<\/p>\n","protected":false},"excerpt":{"rendered":"<p>Con la participaci\u00f3n de artistas muy reconocidos y admirados por el p\u00fablico infantil como Pi\u00f1\u00f3n Fijo, Adriana, La Pipetu\u00e1 y el \u201cBicho\u201d G\u00f3mez, AMIA celebrar\u00e1 ma\u00f1ana jueves 20 de agosto, a las 17:30, el D\u00eda de la Ni\u00f1ez. Virtual y gratuito, el festejo es abierto a toda la sociedad y se podr\u00e1 seguir en vivo [&hellip;]<\/p>\n","protected":false},"author":1,"featured_media":1051,"comment_status":"open","ping_status":"open","sticky":false,"template":"","format":"standard","meta":{"_et_pb_use_builder":"","_et_pb_old_content":"","_et_gb_content_width":"","footnotes":""},"categories":[11,33],"tags":[],"class_list":["post-1050","post","type-post","status-publish","format-standard","has-post-thumbnail","hentry","category-ciudad","category-sociedad-y-cultura-2"],"_links":{"self":[{"href":"https:\/\/vocesdebaires.com.ar\/index.php\/wp-json\/wp\/v2\/posts\/1050"}],"collection":[{"href":"https:\/\/vocesdebaires.com.ar\/index.php\/wp-json\/wp\/v2\/posts"}],"about":[{"href":"https:\/\/vocesdebaires.com.ar\/index.php\/wp-json\/wp\/v2\/types\/post"}],"author":[{"embeddable":true,"href":"https:\/\/vocesdebaires.com.ar\/index.php\/wp-json\/wp\/v2\/users\/1"}],"replies":[{"embeddable":true,"href":"https:\/\/vocesdebaires.com.ar\/index.php\/wp-json\/wp\/v2\/comments?post=1050"}],"version-history":[{"count":0,"href":"https:\/\/vocesdebaires.com.ar\/index.php\/wp-json\/wp\/v2\/posts\/1050\/revisions"}],"wp:featuredmedia":[{"embeddable":true,"href":"https:\/\/vocesdebaires.com.ar\/index.php\/wp-json\/wp\/v2\/media\/1051"}],"wp:attachment":[{"href":"https:\/\/vocesdebaires.com.ar\/index.php\/wp-json\/wp\/v2\/media?parent=1050"}],"wp:term":[{"taxonomy":"category","embeddable":true,"href":"https:\/\/vocesdebaires.com.ar\/index.php\/wp-json\/wp\/v2\/categories?post=1050"},{"taxonomy":"post_tag","embeddable":true,"href":"https:\/\/vocesdebaires.com.ar\/index.php\/wp-json\/wp\/v2\/tags?post=1050"}],"curies":[{"name":"wp","href":"https:\/\/api.w.org\/{rel}","templated":true}]}}