{"id":1070,"date":"2020-08-17T03:00:00","date_gmt":"2020-08-17T06:00:00","guid":{"rendered":"http:\/\/vocesdebaires.com.ar\/wordpress\/index.php\/2020\/08\/17\/la-ciudad-acordo-a-los-jueces-camaristas\/"},"modified":"2020-08-17T03:00:00","modified_gmt":"2020-08-17T06:00:00","slug":"la-ciudad-acordo-a-los-jueces-camaristas","status":"publish","type":"post","link":"https:\/\/vocesdebaires.com.ar\/index.php\/2020\/08\/17\/la-ciudad-acordo-a-los-jueces-camaristas\/","title":{"rendered":"La ciudad acord\u00f3 a los jueces camaristas"},"content":{"rendered":"<p>Cuatro candidatos a ocupar el cargo de juez\/za de la C\u00e1mara Contencioso Administrativo, Tributario y de Relaciones del Consumo, recibieron el pasado\u00a0 jueves el acuerdo de la Legislatura de la Ciudad Aut\u00f3noma de Buenos Aires para sus designaciones, por 42 votos positivos y 9 abstenciones.La n\u00f3mina fue elevada por el Consejo de la Magistratura al parlamento local, donde los pliegos fueron considerados en la Junta de \u00c9tica, Acuerdos y Organismos de Control, que preside la legisladora \u00a0Mar\u00eda Luisa Gonz\u00e1lez Estevarena, y en la Comisi\u00f3n de Justicia, que conduce el legislador \u00a0Mart\u00edn Ocampo (UCR). Los propuestos surgieron de un concurso y sus antecedentes se expusieron en Audiencia P\u00fablica. El acuerdo para ser designados jueces camaristas fue para los doctores\/as Laura Alejandra Perugini, Pablo C\u00e9sar M\u00e1ntaras, Marcelo Alberto L\u00f3pez Alfons\u00edn y Mar\u00eda de las Nieves Agrelo Macchiavelli.<\/p>\n","protected":false},"excerpt":{"rendered":"<p>Cuatro candidatos a ocupar el cargo de juez\/za de la C\u00e1mara Contencioso Administrativo, Tributario y de Relaciones del Consumo, recibieron el pasado\u00a0 jueves el acuerdo de la Legislatura de la Ciudad Aut\u00f3noma de Buenos Aires para sus designaciones, por 42 votos positivos y 9 abstenciones.La n\u00f3mina fue elevada por el Consejo de la Magistratura al [&hellip;]<\/p>\n","protected":false},"author":1,"featured_media":1071,"comment_status":"open","ping_status":"open","sticky":false,"template":"","format":"standard","meta":{"_et_pb_use_builder":"","_et_pb_old_content":"","_et_gb_content_width":"","footnotes":""},"categories":[11,33],"tags":[],"class_list":["post-1070","post","type-post","status-publish","format-standard","has-post-thumbnail","hentry","category-ciudad","category-sociedad-y-cultura-2"],"_links":{"self":[{"href":"https:\/\/vocesdebaires.com.ar\/index.php\/wp-json\/wp\/v2\/posts\/1070"}],"collection":[{"href":"https:\/\/vocesdebaires.com.ar\/index.php\/wp-json\/wp\/v2\/posts"}],"about":[{"href":"https:\/\/vocesdebaires.com.ar\/index.php\/wp-json\/wp\/v2\/types\/post"}],"author":[{"embeddable":true,"href":"https:\/\/vocesdebaires.com.ar\/index.php\/wp-json\/wp\/v2\/users\/1"}],"replies":[{"embeddable":true,"href":"https:\/\/vocesdebaires.com.ar\/index.php\/wp-json\/wp\/v2\/comments?post=1070"}],"version-history":[{"count":0,"href":"https:\/\/vocesdebaires.com.ar\/index.php\/wp-json\/wp\/v2\/posts\/1070\/revisions"}],"wp:featuredmedia":[{"embeddable":true,"href":"https:\/\/vocesdebaires.com.ar\/index.php\/wp-json\/wp\/v2\/media\/1071"}],"wp:attachment":[{"href":"https:\/\/vocesdebaires.com.ar\/index.php\/wp-json\/wp\/v2\/media?parent=1070"}],"wp:term":[{"taxonomy":"category","embeddable":true,"href":"https:\/\/vocesdebaires.com.ar\/index.php\/wp-json\/wp\/v2\/categories?post=1070"},{"taxonomy":"post_tag","embeddable":true,"href":"https:\/\/vocesdebaires.com.ar\/index.php\/wp-json\/wp\/v2\/tags?post=1070"}],"curies":[{"name":"wp","href":"https:\/\/api.w.org\/{rel}","templated":true}]}}