{"id":1074,"date":"2020-08-17T03:00:00","date_gmt":"2020-08-17T06:00:00","guid":{"rendered":"http:\/\/vocesdebaires.com.ar\/wordpress\/index.php\/2020\/08\/17\/ratificaron-decretos-del-poder-ejecutivo\/"},"modified":"2020-08-17T03:00:00","modified_gmt":"2020-08-17T06:00:00","slug":"ratificaron-decretos-del-poder-ejecutivo","status":"publish","type":"post","link":"https:\/\/vocesdebaires.com.ar\/index.php\/2020\/08\/17\/ratificaron-decretos-del-poder-ejecutivo\/","title":{"rendered":"Ratificaron decretos del Poder Ejecutivo"},"content":{"rendered":"<p>La Legislatura de la Ciudad Aut\u00f3noma de Buenos Aires ratific\u00f3 el pasado jueves los tres \u00faltimos decretos de necesidad y urgencia dictados por el jefe de Gobierno, Horacio Rodr\u00edguez Larreta, referidos a medidas de restricci\u00f3n de circulaci\u00f3n de veh\u00edculos y postergaci\u00f3n de plazos de licencias y de procedimientos de faltas de tr\u00e1nsito y transporte. Los legisladores de la Ciudad tambi\u00e9n aprobaron una ley consensuada entre los bloques parlamentarios y con propietarios y trabajadores del servicio de taxis, que deja transitoriamente sin efecto la obligatoriedad de renovar los veh\u00edculos a partir de los diez a\u00f1os de antig\u00fcedad. De tal manera, se permitir\u00e1 que durante el a\u00f1o 2021 circulen por Buenos Aires autos con tax\u00edmetros de los modelos 2009 y 2010 (adem\u00e1s de los m\u00e1s modernos).<\/p>\n<p>Como explic\u00f3 la\u00a0legisladora \u00a0Cristina Garc\u00eda (VJ), presidenta de la Comisi\u00f3n de Tr\u00e1nsito y Transporte, la pr\u00f3rroga para renovaci\u00f3n de unidades de taxis se fundamenta en el cr\u00edtico momento derivado de la pandemia, as\u00ed como el a\u00f1o pasado se hab\u00eda adoptado una excepci\u00f3n similar por motivos econ\u00f3micos y sociales. La legisladora aclar\u00f3 que las prescripciones de seguridad quedan igualmente garantizadas por la verificaci\u00f3n t\u00e9cnica pertinente. En cuanto a los DNU legitimados, se trata de los n\u00famero 9, 10 y 11 del a\u00f1o 2020, firmados por Rodr\u00edguez Larreta y refrendados por todos sus ministros. Los dos primeros refieren a las restricciones de circulaci\u00f3n vehicular por el aislamiento sanitario, preventivo y obligatorio y autorizan a los agentes de seguridad y de tr\u00e1nsito a retener las licencias de conducir de los infractores a las normas.<\/p>\n<p>La legisladora Garc\u00eda inform\u00f3 que, a la fecha, se registraron en la Ciudad 220 casos de retenci\u00f3n de carn\u00e9s. El DNU 11\/2020, en tanto, es el que \u201cprorroga de manera excepcional por el t\u00e9rmino de un a\u00f1o la vigencia de las licencias de conducir cuyo vencimiento opere entre los d\u00edas 15 de febrero y 31 de octubre de 2020. El plazo de pr\u00f3rroga se computar\u00e1 a partir del d\u00eda subsiguiente a la fecha de vencimiento consignada en cada licencia.\u00bb El mismo decreto prorroga por 200 d\u00edas la vigencia de los registros de taxis, remises, transportes escolares y rodados de mensajer\u00eda y delivery, cuyo vencimiento opere entre los d\u00edas 15 de febrero y 31 de agosto de 2020, incluyendo la vigencia de las licencias de taxi.<\/p>\n<p>Tambi\u00e9n se prorrogaron por decreto la vigencia de las obleas de VTV y habilitaciones para transportes y se dispuso suspender por 60 d\u00edas los plazos del procedimiento de faltas, excepto las inherentes a infracciones de lo normado por la emergencia sanitaria. Los certificados de discapacidad tambi\u00e9n extienden su vigencia por un a\u00f1o. La Uni\u00f3n C\u00edvica Radical y el Frente de Todos acompa\u00f1aron el voto del oficialista Vamos Juntos pero plantearon cuestiones de forma respecto de los DNU. Luc\u00eda C\u00e1mpora (FdT) sostuvo que las medidas de suspensi\u00f3n no deber\u00edan tomarse modificando permanentemente el C\u00f3digo de Tr\u00e1nsito y Transporte, mientras\u00a0el legislador \u00a0Mart\u00edn Ocampo (UCR) pidi\u00f3 prevenir y organizar el embudo administrativo que provocar\u00e1 la pr\u00f3rroga masiva de tr\u00e1mites.<\/p>\n","protected":false},"excerpt":{"rendered":"<p>La Legislatura de la Ciudad Aut\u00f3noma de Buenos Aires ratific\u00f3 el pasado jueves los tres \u00faltimos decretos de necesidad y urgencia dictados por el jefe de Gobierno, Horacio Rodr\u00edguez Larreta, referidos a medidas de restricci\u00f3n de circulaci\u00f3n de veh\u00edculos y postergaci\u00f3n de plazos de licencias y de procedimientos de faltas de tr\u00e1nsito y transporte. Los [&hellip;]<\/p>\n","protected":false},"author":1,"featured_media":1075,"comment_status":"open","ping_status":"open","sticky":false,"template":"","format":"standard","meta":{"_et_pb_use_builder":"","_et_pb_old_content":"","_et_gb_content_width":"","footnotes":""},"categories":[11,33],"tags":[],"class_list":["post-1074","post","type-post","status-publish","format-standard","has-post-thumbnail","hentry","category-ciudad","category-sociedad-y-cultura-2"],"_links":{"self":[{"href":"https:\/\/vocesdebaires.com.ar\/index.php\/wp-json\/wp\/v2\/posts\/1074"}],"collection":[{"href":"https:\/\/vocesdebaires.com.ar\/index.php\/wp-json\/wp\/v2\/posts"}],"about":[{"href":"https:\/\/vocesdebaires.com.ar\/index.php\/wp-json\/wp\/v2\/types\/post"}],"author":[{"embeddable":true,"href":"https:\/\/vocesdebaires.com.ar\/index.php\/wp-json\/wp\/v2\/users\/1"}],"replies":[{"embeddable":true,"href":"https:\/\/vocesdebaires.com.ar\/index.php\/wp-json\/wp\/v2\/comments?post=1074"}],"version-history":[{"count":0,"href":"https:\/\/vocesdebaires.com.ar\/index.php\/wp-json\/wp\/v2\/posts\/1074\/revisions"}],"wp:featuredmedia":[{"embeddable":true,"href":"https:\/\/vocesdebaires.com.ar\/index.php\/wp-json\/wp\/v2\/media\/1075"}],"wp:attachment":[{"href":"https:\/\/vocesdebaires.com.ar\/index.php\/wp-json\/wp\/v2\/media?parent=1074"}],"wp:term":[{"taxonomy":"category","embeddable":true,"href":"https:\/\/vocesdebaires.com.ar\/index.php\/wp-json\/wp\/v2\/categories?post=1074"},{"taxonomy":"post_tag","embeddable":true,"href":"https:\/\/vocesdebaires.com.ar\/index.php\/wp-json\/wp\/v2\/tags?post=1074"}],"curies":[{"name":"wp","href":"https:\/\/api.w.org\/{rel}","templated":true}]}}