{"id":1078,"date":"2020-08-17T03:00:00","date_gmt":"2020-08-17T06:00:00","guid":{"rendered":"http:\/\/vocesdebaires.com.ar\/wordpress\/index.php\/2020\/08\/17\/amia-propuesta-gratuita-el-humor-de-campi\/"},"modified":"2020-08-17T03:00:00","modified_gmt":"2020-08-17T06:00:00","slug":"amia-propuesta-gratuita-el-humor-de-campi","status":"publish","type":"post","link":"https:\/\/vocesdebaires.com.ar\/index.php\/2020\/08\/17\/amia-propuesta-gratuita-el-humor-de-campi\/","title":{"rendered":"AMIA propuesta gratuita \u00abEl humor de Campi\u00bb"},"content":{"rendered":"<p>Continuando con su agenda de actividades para acompa\u00f1ar a la gente con propuestas de inter\u00e9s, el Vaad Hakehilot de AMIA invita a ver el espect\u00e1culo \u00abEl humor de Campi\u00bb, protagonizado por el actor y comediante Mart\u00edn Campilongo, que se realizar\u00e1 el pr\u00f3ximo martes 18 de agosto, a las 20.Gratuito y sin inscripci\u00f3n previa, el espect\u00e1culo ser\u00e1 transmitido en vivo por el Facebook del Vaad Hakehilot y por la plataforma Zoom (ID: 870 7758 1072\/ contrase\u00f1a: 050407). Caracterizando a su conocido personaje \u00abJorge\u00bb, el artista convoc\u00f3 al p\u00fablico a trav\u00e9s de un video publicado en las redes sociales.<\/p>\n<p>Desde el inicio de la pandemia, la Federaci\u00f3n de Comunidades Israelitas Argentinas organiz\u00f3 diversas actividades con el prop\u00f3sito de acercar contenidos de calidad a las kehilot del interior del pa\u00eds. Conferencias con la escritora Pilar Rahola, con el m\u00fasico Andy Ini y con el periodista Rom\u00e1n Lejtman fueron algunas de las iniciativas que formaron parte de la programaci\u00f3n realizada.Para m\u00e1s informaci\u00f3n, las personas interesadas pueden escribir al mail <a href=\"mailto:vhk@amia.org.ar\">vhk@amia.org.ar<\/a>.<\/p>\n","protected":false},"excerpt":{"rendered":"<p>Continuando con su agenda de actividades para acompa\u00f1ar a la gente con propuestas de inter\u00e9s, el Vaad Hakehilot de AMIA invita a ver el espect\u00e1culo \u00abEl humor de Campi\u00bb, protagonizado por el actor y comediante Mart\u00edn Campilongo, que se realizar\u00e1 el pr\u00f3ximo martes 18 de agosto, a las 20.Gratuito y sin inscripci\u00f3n previa, el espect\u00e1culo [&hellip;]<\/p>\n","protected":false},"author":1,"featured_media":1079,"comment_status":"open","ping_status":"open","sticky":false,"template":"","format":"standard","meta":{"_et_pb_use_builder":"","_et_pb_old_content":"","_et_gb_content_width":"","footnotes":""},"categories":[11,33],"tags":[],"class_list":["post-1078","post","type-post","status-publish","format-standard","has-post-thumbnail","hentry","category-ciudad","category-sociedad-y-cultura-2"],"_links":{"self":[{"href":"https:\/\/vocesdebaires.com.ar\/index.php\/wp-json\/wp\/v2\/posts\/1078"}],"collection":[{"href":"https:\/\/vocesdebaires.com.ar\/index.php\/wp-json\/wp\/v2\/posts"}],"about":[{"href":"https:\/\/vocesdebaires.com.ar\/index.php\/wp-json\/wp\/v2\/types\/post"}],"author":[{"embeddable":true,"href":"https:\/\/vocesdebaires.com.ar\/index.php\/wp-json\/wp\/v2\/users\/1"}],"replies":[{"embeddable":true,"href":"https:\/\/vocesdebaires.com.ar\/index.php\/wp-json\/wp\/v2\/comments?post=1078"}],"version-history":[{"count":0,"href":"https:\/\/vocesdebaires.com.ar\/index.php\/wp-json\/wp\/v2\/posts\/1078\/revisions"}],"wp:featuredmedia":[{"embeddable":true,"href":"https:\/\/vocesdebaires.com.ar\/index.php\/wp-json\/wp\/v2\/media\/1079"}],"wp:attachment":[{"href":"https:\/\/vocesdebaires.com.ar\/index.php\/wp-json\/wp\/v2\/media?parent=1078"}],"wp:term":[{"taxonomy":"category","embeddable":true,"href":"https:\/\/vocesdebaires.com.ar\/index.php\/wp-json\/wp\/v2\/categories?post=1078"},{"taxonomy":"post_tag","embeddable":true,"href":"https:\/\/vocesdebaires.com.ar\/index.php\/wp-json\/wp\/v2\/tags?post=1078"}],"curies":[{"name":"wp","href":"https:\/\/api.w.org\/{rel}","templated":true}]}}