{"id":1080,"date":"2020-08-17T03:00:00","date_gmt":"2020-08-17T06:00:00","guid":{"rendered":"http:\/\/vocesdebaires.com.ar\/wordpress\/index.php\/2020\/08\/17\/pami-participo-en-politicas-de-perspectiva-de-genero\/"},"modified":"2020-08-17T03:00:00","modified_gmt":"2020-08-17T06:00:00","slug":"pami-participo-en-politicas-de-perspectiva-de-genero","status":"publish","type":"post","link":"https:\/\/vocesdebaires.com.ar\/index.php\/2020\/08\/17\/pami-participo-en-politicas-de-perspectiva-de-genero\/","title":{"rendered":"PAMI particip\u00f3 en pol\u00edticas de perspectiva de g\u00e9nero"},"content":{"rendered":"<p>La directora ejecutiva de PAMI, Luana Volnovich, particip\u00f3\u00a0 del lanzamiento de la campa\u00f1a nacional \u201cCuidar en igualdad. Necesidad, derecho, trabajo\u201d, un plan de acci\u00f3n interministerial que busca proteger las tareas de cuidado con perspectiva de g\u00e9nero, al entender que se trata de un trabajo que requiere de la debida protecci\u00f3n estatal. La titular de la obra social particip\u00f3 de una videoconferencia, encabezada por la ministra de las Mujeres, G\u00e9nero y Diversidad, Elizabeth G\u00f3mez Alcorta, donde representantes de organismos p\u00fablicos, diputados nacionales, legisladores y referentes de organizaciones sindicales se comprometieron a impulsar una agenda de trabajo com\u00fan.<\/p>\n<p>\u201cEn la Argentina, seg\u00fan nuestros n\u00fameros, un universo de 500 mil personas requiere de cuidado diario y especialmente son las mujeres adultas mayores quienes m\u00e1s lo necesitan; eso es evidente en las residencias de larga estad\u00eda, donde la poblaci\u00f3n es mayormente femenina\u201d, dijo Volnovich, que destac\u00f3 la informalidad y precarizaci\u00f3n de cuidadoras y cuidadores que llevan adelante este trabajo.Volnovich, que estuvo acompa\u00f1ada por M\u00f3nica Roqu\u00e9, secretaria de Derechos Humanos, Gerontolog\u00eda Comunitaria, Pol\u00edticas de Cuidado y G\u00e9nero, y Adriana Herrero, subgerenta de Pol\u00edticas de G\u00e9nero de la obra social, resalt\u00f3 su apoyo \u201ca una campa\u00f1a que busca jerarquizar las perspectivas de g\u00e9nero en las pol\u00edticas p\u00fablicas nacionales\u201d.Adem\u00e1s, cont\u00f3 que \u201cen el corto plazo pondremos en marcha un modelo de centro de jubilados y jubiladas, en el que un m\u00f3dulo ser\u00e1 destinado a empoderar los derechos de las mujeres porque para la obra social las pol\u00edticas de g\u00e9nero son el v\u00e9rtice de nuestra agenda\u201d.<\/p>\n<p>Como uno de los puntos salientes del plan de trabajo se destaca la puesta en marcha en todo el pa\u00eds de \u201cParlamentos territoriales de cuidado\u201d para incorporar la mirada de diversos actores sociales en el empoderamiento de esas tareas.\u201cSabemos que las modificaciones culturales profundas no se enra\u00edzan de un d\u00eda para el otro, por eso buscamos darle anclaje territorial a una agenda que busca proteger las tareas de cuidado. La campa\u00f1a no es un hecho azaroso: nuestro presidente Alberto Fern\u00e1ndez ha asumido en su discurso p\u00fablico impulsar una defensa activa para las tareas de cuidado\u201d, dijo la ministra.<\/p>\n<p>Del encuentro participaron la directora de la AFIP Mercedes Marc\u00f3 del Pont; la secretaria de Acceso a la Salud de la Naci\u00f3n, Carla Vizzoti; la secretaria de Pol\u00edticas de Igualdad y Diversidad, Cecilia Merch\u00e1n; la titular del Consejo Nacional de Coordinaci\u00f3n de Pol\u00edticas Sociales, Victoria Tolosa Paz; el ministro de Trabajo de la Naci\u00f3n, Claudio Moroni y su par de Agricultura, Ganader\u00eda y Pesca, Luis Basterra; la diputada Vanesa Siley y la legisladora porte\u00f1a Lorena Pokoik, entre otras y otros representantes.<\/p>\n","protected":false},"excerpt":{"rendered":"<p>La directora ejecutiva de PAMI, Luana Volnovich, particip\u00f3\u00a0 del lanzamiento de la campa\u00f1a nacional \u201cCuidar en igualdad. Necesidad, derecho, trabajo\u201d, un plan de acci\u00f3n interministerial que busca proteger las tareas de cuidado con perspectiva de g\u00e9nero, al entender que se trata de un trabajo que requiere de la debida protecci\u00f3n estatal. La titular de la [&hellip;]<\/p>\n","protected":false},"author":1,"featured_media":1081,"comment_status":"open","ping_status":"open","sticky":false,"template":"","format":"standard","meta":{"_et_pb_use_builder":"","_et_pb_old_content":"","_et_gb_content_width":"","footnotes":""},"categories":[12,34],"tags":[],"class_list":["post-1080","post","type-post","status-publish","format-standard","has-post-thumbnail","hentry","category-nacion","category-politica"],"_links":{"self":[{"href":"https:\/\/vocesdebaires.com.ar\/index.php\/wp-json\/wp\/v2\/posts\/1080"}],"collection":[{"href":"https:\/\/vocesdebaires.com.ar\/index.php\/wp-json\/wp\/v2\/posts"}],"about":[{"href":"https:\/\/vocesdebaires.com.ar\/index.php\/wp-json\/wp\/v2\/types\/post"}],"author":[{"embeddable":true,"href":"https:\/\/vocesdebaires.com.ar\/index.php\/wp-json\/wp\/v2\/users\/1"}],"replies":[{"embeddable":true,"href":"https:\/\/vocesdebaires.com.ar\/index.php\/wp-json\/wp\/v2\/comments?post=1080"}],"version-history":[{"count":0,"href":"https:\/\/vocesdebaires.com.ar\/index.php\/wp-json\/wp\/v2\/posts\/1080\/revisions"}],"wp:featuredmedia":[{"embeddable":true,"href":"https:\/\/vocesdebaires.com.ar\/index.php\/wp-json\/wp\/v2\/media\/1081"}],"wp:attachment":[{"href":"https:\/\/vocesdebaires.com.ar\/index.php\/wp-json\/wp\/v2\/media?parent=1080"}],"wp:term":[{"taxonomy":"category","embeddable":true,"href":"https:\/\/vocesdebaires.com.ar\/index.php\/wp-json\/wp\/v2\/categories?post=1080"},{"taxonomy":"post_tag","embeddable":true,"href":"https:\/\/vocesdebaires.com.ar\/index.php\/wp-json\/wp\/v2\/tags?post=1080"}],"curies":[{"name":"wp","href":"https:\/\/api.w.org\/{rel}","templated":true}]}}