{"id":1084,"date":"2020-08-13T03:00:00","date_gmt":"2020-08-13T06:00:00","guid":{"rendered":"http:\/\/vocesdebaires.com.ar\/wordpress\/index.php\/2020\/08\/13\/la-boca-desbarataron-un-desarmadero-clandestino\/"},"modified":"2020-08-13T03:00:00","modified_gmt":"2020-08-13T06:00:00","slug":"la-boca-desbarataron-un-desarmadero-clandestino","status":"publish","type":"post","link":"https:\/\/vocesdebaires.com.ar\/index.php\/2020\/08\/13\/la-boca-desbarataron-un-desarmadero-clandestino\/","title":{"rendered":"La Boca: Desbarataron un desarmadero clandestino"},"content":{"rendered":"<p>En los \u00faltimos d\u00edas, personal del Departamento Delitos Contra la Propiedad de la Divisi\u00f3n Sustracci\u00f3n de Automotores de la Polic\u00eda de la Ciudad llev\u00f3 a cabo una investigaci\u00f3n en la Comuna 4 por el robo automotor y detect\u00f3 un taller mec\u00e1nico ubicado sobre la calle Arist\u00f3bulo del Valle al 100, que ten\u00eda varios autos en estado de desarme y con faltantes en sus inmediaciones. Ante esta situaci\u00f3n, los efectivos policiales junto con personal de la Agencia Gubernamental de Control (AGC), se hicieron presentes en el lugar y constataron que en el mismo se acopiaban autopartes y repuestos usados que no ten\u00edan respaldo legal. Al consultar con la Fiscal\u00eda Penal, Contravencional y de Faltas N\u00famero 40, a cargo del doctor Michienzi, se dispuso el secuestro de los elementos encontrados: cinco puertas, cuatro paragolpes, siete \u00f3pticas, cuatro radiadores, dos cajas de cambio, compresores de aire acondicionado, tapas de v\u00e1lvulas y guardabarros. Adem\u00e1s, se identific\u00f3 al responsable del lugar, un hombre de nacionalidad argentina de 70 a\u00f1os.<\/p>\n","protected":false},"excerpt":{"rendered":"<p>En los \u00faltimos d\u00edas, personal del Departamento Delitos Contra la Propiedad de la Divisi\u00f3n Sustracci\u00f3n de Automotores de la Polic\u00eda de la Ciudad llev\u00f3 a cabo una investigaci\u00f3n en la Comuna 4 por el robo automotor y detect\u00f3 un taller mec\u00e1nico ubicado sobre la calle Arist\u00f3bulo del Valle al 100, que ten\u00eda varios autos en [&hellip;]<\/p>\n","protected":false},"author":1,"featured_media":1085,"comment_status":"open","ping_status":"open","sticky":false,"template":"","format":"standard","meta":{"_et_pb_use_builder":"","_et_pb_old_content":"","_et_gb_content_width":"","footnotes":""},"categories":[11,32],"tags":[],"class_list":["post-1084","post","type-post","status-publish","format-standard","has-post-thumbnail","hentry","category-ciudad","category-comunas"],"_links":{"self":[{"href":"https:\/\/vocesdebaires.com.ar\/index.php\/wp-json\/wp\/v2\/posts\/1084"}],"collection":[{"href":"https:\/\/vocesdebaires.com.ar\/index.php\/wp-json\/wp\/v2\/posts"}],"about":[{"href":"https:\/\/vocesdebaires.com.ar\/index.php\/wp-json\/wp\/v2\/types\/post"}],"author":[{"embeddable":true,"href":"https:\/\/vocesdebaires.com.ar\/index.php\/wp-json\/wp\/v2\/users\/1"}],"replies":[{"embeddable":true,"href":"https:\/\/vocesdebaires.com.ar\/index.php\/wp-json\/wp\/v2\/comments?post=1084"}],"version-history":[{"count":0,"href":"https:\/\/vocesdebaires.com.ar\/index.php\/wp-json\/wp\/v2\/posts\/1084\/revisions"}],"wp:featuredmedia":[{"embeddable":true,"href":"https:\/\/vocesdebaires.com.ar\/index.php\/wp-json\/wp\/v2\/media\/1085"}],"wp:attachment":[{"href":"https:\/\/vocesdebaires.com.ar\/index.php\/wp-json\/wp\/v2\/media?parent=1084"}],"wp:term":[{"taxonomy":"category","embeddable":true,"href":"https:\/\/vocesdebaires.com.ar\/index.php\/wp-json\/wp\/v2\/categories?post=1084"},{"taxonomy":"post_tag","embeddable":true,"href":"https:\/\/vocesdebaires.com.ar\/index.php\/wp-json\/wp\/v2\/tags?post=1084"}],"curies":[{"name":"wp","href":"https:\/\/api.w.org\/{rel}","templated":true}]}}