{"id":1090,"date":"2020-08-13T03:00:00","date_gmt":"2020-08-13T06:00:00","guid":{"rendered":"http:\/\/vocesdebaires.com.ar\/wordpress\/index.php\/2020\/08\/13\/turismo-cultural-comenzo-ciclo-recorridos-virtuales\/"},"modified":"2020-08-13T03:00:00","modified_gmt":"2020-08-13T06:00:00","slug":"turismo-cultural-comenzo-ciclo-recorridos-virtuales","status":"publish","type":"post","link":"https:\/\/vocesdebaires.com.ar\/index.php\/2020\/08\/13\/turismo-cultural-comenzo-ciclo-recorridos-virtuales\/","title":{"rendered":"Turismo Cultural comenz\u00f3 ciclo, recorridos virtuales"},"content":{"rendered":"<p>El Ministerio de Cultura de la Ciudad de Buenos Aires, en conjunto con el Ente de Turismo porte\u00f1o, invitan a conocer la Ciudad a trav\u00e9s de su cultura con el ciclo de Turismo Cultural BA.Desde el pasado s\u00e1bado 8 de agosto, y todos los s\u00e1bados, a trav\u00e9s de la web Cultura en Casa y la web y redes sociales del Ente de Turismo se pueden visitar edificios emblem\u00e1ticos, recorrer muestras art\u00edsticas y conocer los muchos espacios culturales que tiene la ciudad de forma gratuita y virtual.En su primera fecha este ciclo llev\u00f3 a los visitantes a recorrer de forma inmersiva el emblem\u00e1tico Teatro Col\u00f3n, de la mano de la licenciada en museolog\u00eda Guadalupe Ram\u00edrez Oliberos, quien explic\u00f3 detalles de este teatro de \u00f3pera.<\/p>\n<p>El recorrido comenz\u00f3 en la puerta principal ubicada en la calle Libertad, pas\u00f3 por sus diferentes salones, hasta llegar a la sala principal que es considerada una de las mejores del mundo debido a su ac\u00fastica para las \u00f3peras y l\u00edricas. \u00abCreemos que es una gran oportunidad para conocer nuestra Ciudad a trav\u00e9s de su cultura que es lo que hace a nuestra identidad. Este ciclo nos permitir\u00e1 vivir una experiencia distinta mediante la cual desde nuestras casas podremos recorrer de manera virtual el Teatro Col\u00f3n o ver una muestra en el Museo del Cine o recorrer los jardines del Museo S\u00edvori y muchos espacios m\u00e1s que hacen a nuestro acervo cultural.<\/p>\n<p>Es una forma m\u00e1s de pensar la cultura como un puente reflejando nuestra diversidad identitaria\u00bb, coment\u00f3 el ministro de Cultura de la Ciudad, Enrique Avogadro.En la misma l\u00ednea, la directora ejecutiva del Ente de Turismo de la Ciudad de Buenos Aires, Camila Su\u00e1rez, sostuvo: \u201cEsta propuesta pretende acercar distintos atractivos culturales e hist\u00f3ricos que tiene Buenos Aires a los turistas que hoy no pueden visitarnos. Todo lo que compartimos de manera virtual va a seguir estando para cuando ellos puedan volver\u00bb. En su segunda entrega (s\u00e1bado 15 de agosto), ser\u00e1 el Museo Isaac Fern\u00e1ndez Blanco, cuyo patrimonio abarca dos per\u00edodos del desarrollo hist\u00f3rico y creativo hispanoamericano y argentino: el mundo colonial en la sede Palacio Noel del Barrio de Retiro y el arte de los siglos XIX y XX en la Casa Fern\u00e1ndez Blanco, en el barrio de Congreso.<\/p>\n<p>En la primera de las sedes, se podr\u00e1 recorrer virtualmente y apreciar la muestra Esculturas del jard\u00edn de Vivianne Duchini. Las impactantes esculturas en bronce que modela, funde y patina personalmente &#8211; fruto de la simbiosis entre las t\u00e9cnicas cl\u00e1sicas y su singular propuesta est\u00e9tica contempor\u00e1nea- se suman a las fuentes y a las plantas en flor de este oasis escondido. Formar\u00e1n parte de este ciclo el Teatro San Mart\u00edn y Timbre 4, entre otros espacios que podr\u00e1n visitarse de forma virtual tanto desde\u00a0 la web y redes sociales del Ente de Turismo de la Ciudad como desde la web Cultura en Casa, donde cada s\u00e1bado se destacar\u00e1 en la home un video de este ciclo que luego quedar\u00e1 alojado en la secci\u00f3n Qu\u00e9 Hacer, Tours Virtuales. Ente de Turismo en Twitter, Ente de Turismo en Instagram<\/p>\n","protected":false},"excerpt":{"rendered":"<p>El Ministerio de Cultura de la Ciudad de Buenos Aires, en conjunto con el Ente de Turismo porte\u00f1o, invitan a conocer la Ciudad a trav\u00e9s de su cultura con el ciclo de Turismo Cultural BA.Desde el pasado s\u00e1bado 8 de agosto, y todos los s\u00e1bados, a trav\u00e9s de la web Cultura en Casa y la [&hellip;]<\/p>\n","protected":false},"author":1,"featured_media":1091,"comment_status":"open","ping_status":"open","sticky":false,"template":"","format":"standard","meta":{"_et_pb_use_builder":"","_et_pb_old_content":"","_et_gb_content_width":"","footnotes":""},"categories":[11,33],"tags":[],"class_list":["post-1090","post","type-post","status-publish","format-standard","has-post-thumbnail","hentry","category-ciudad","category-sociedad-y-cultura-2"],"_links":{"self":[{"href":"https:\/\/vocesdebaires.com.ar\/index.php\/wp-json\/wp\/v2\/posts\/1090"}],"collection":[{"href":"https:\/\/vocesdebaires.com.ar\/index.php\/wp-json\/wp\/v2\/posts"}],"about":[{"href":"https:\/\/vocesdebaires.com.ar\/index.php\/wp-json\/wp\/v2\/types\/post"}],"author":[{"embeddable":true,"href":"https:\/\/vocesdebaires.com.ar\/index.php\/wp-json\/wp\/v2\/users\/1"}],"replies":[{"embeddable":true,"href":"https:\/\/vocesdebaires.com.ar\/index.php\/wp-json\/wp\/v2\/comments?post=1090"}],"version-history":[{"count":0,"href":"https:\/\/vocesdebaires.com.ar\/index.php\/wp-json\/wp\/v2\/posts\/1090\/revisions"}],"wp:featuredmedia":[{"embeddable":true,"href":"https:\/\/vocesdebaires.com.ar\/index.php\/wp-json\/wp\/v2\/media\/1091"}],"wp:attachment":[{"href":"https:\/\/vocesdebaires.com.ar\/index.php\/wp-json\/wp\/v2\/media?parent=1090"}],"wp:term":[{"taxonomy":"category","embeddable":true,"href":"https:\/\/vocesdebaires.com.ar\/index.php\/wp-json\/wp\/v2\/categories?post=1090"},{"taxonomy":"post_tag","embeddable":true,"href":"https:\/\/vocesdebaires.com.ar\/index.php\/wp-json\/wp\/v2\/tags?post=1090"}],"curies":[{"name":"wp","href":"https:\/\/api.w.org\/{rel}","templated":true}]}}