{"id":1095,"date":"2020-08-12T03:00:00","date_gmt":"2020-08-12T06:00:00","guid":{"rendered":"http:\/\/vocesdebaires.com.ar\/wordpress\/index.php\/2020\/08\/12\/soldatiluganosantilli-superviso-operativo\/"},"modified":"2020-08-12T03:00:00","modified_gmt":"2020-08-12T06:00:00","slug":"soldatiluganosantilli-superviso-operativo","status":"publish","type":"post","link":"https:\/\/vocesdebaires.com.ar\/index.php\/2020\/08\/12\/soldatiluganosantilli-superviso-operativo\/","title":{"rendered":"Soldati,Lugano:Santilli supervis\u00f3 operativo"},"content":{"rendered":"<p>El vicejefe de Gobierno porte\u00f1o, a cargo del Ministerio de Justicia y Seguridad, Diego Santilli, supervis\u00f3 el Operativo Integral de Prevenci\u00f3n de delitos que la Polic\u00eda de la Ciudad realiz\u00f3 en los barrios de Soldati y Lugano.\u201cMejorar la ciudad es una prioridad. En Soldati y Lugano reforzamos los operativos para poder cuidar mejor a los vecinos y vecinas\u201d, sostuvo Santilli, en el marco de las medidas de seguridad en el llamado Cord\u00f3n Sur de la Ciudad. El vicejefe de Gobierno estuvo en Soldati acompa\u00f1ado por el secretario de Justicia y Seguridad porte\u00f1o, Marcelo D\u2019Alessandro, el subsecretario de Seguridad Ciudadana, Juan Pablo Sassano, y el jefe de la Polic\u00eda de la Ciudad, Gabriel Berard.<\/p>\n<p>Santilli se\u00f1al\u00f3, adem\u00e1s, que \u201ccontin\u00faan los controles para verificar que en los autos y en el transporte p\u00fablico solo circulen los que tienen permisos necesarios\u201d. Por su parte, D\u2019Alessandro refiri\u00f3 que en el marco del despliegue de la Polic\u00eda de la Ciudad en los barrios y los operativos integrales \u201cse detuvo en las \u00faltimas horas a un delincuente peligroso por homicidio y robo agravado y se lo puso a disposici\u00f3n de la Justicia\u201d. \u201cVenimos hace diez d\u00edas reformulando todo el despliegue policial para abocarnos a los barrios y prevenir el delito\u201d, agreg\u00f3 D\u2019Alessandro. El funcionario confirm\u00f3 que en los controles vehiculares \u201cse retiene la licencia a quienes no tienen permiso de circulaci\u00f3n\u201d.<\/p>\n<p>En tanto, Berard explic\u00f3 que estos procedimientos son \u201cuna estrategia de planificaci\u00f3n que se hace en base al mapa del delito, informaciones de las diferentes dependencias, saturando \u00e1reas para prevenci\u00f3n, brindando tranquilidad a los vecinos\u201d. Los procedimientos fueron coordinados por la subsecretar\u00eda de Seguridad Ciudadana, y realizados por personal de las Comisar\u00edas Vecinales 8 A y 8 B junto al cuerpo de Agentes de Tr\u00e1nsito, unidades de la secci\u00f3n K9 del Departamento Fuerzas Especiales, personal de la Divisi\u00f3n Grupo de Acci\u00f3n Motorizada (GAM), unidad de Saturaci\u00f3n y Detenci\u00f3n (USYD), brigada de Video Operativo, y efectivos de la Direcci\u00f3n de Intervenci\u00f3n R\u00e1pida.<\/p>\n","protected":false},"excerpt":{"rendered":"<p>El vicejefe de Gobierno porte\u00f1o, a cargo del Ministerio de Justicia y Seguridad, Diego Santilli, supervis\u00f3 el Operativo Integral de Prevenci\u00f3n de delitos que la Polic\u00eda de la Ciudad realiz\u00f3 en los barrios de Soldati y Lugano.\u201cMejorar la ciudad es una prioridad. En Soldati y Lugano reforzamos los operativos para poder cuidar mejor a los [&hellip;]<\/p>\n","protected":false},"author":1,"featured_media":1096,"comment_status":"open","ping_status":"open","sticky":false,"template":"","format":"standard","meta":{"_et_pb_use_builder":"","_et_pb_old_content":"","_et_gb_content_width":"","footnotes":""},"categories":[11,32],"tags":[],"class_list":["post-1095","post","type-post","status-publish","format-standard","has-post-thumbnail","hentry","category-ciudad","category-comunas"],"_links":{"self":[{"href":"https:\/\/vocesdebaires.com.ar\/index.php\/wp-json\/wp\/v2\/posts\/1095"}],"collection":[{"href":"https:\/\/vocesdebaires.com.ar\/index.php\/wp-json\/wp\/v2\/posts"}],"about":[{"href":"https:\/\/vocesdebaires.com.ar\/index.php\/wp-json\/wp\/v2\/types\/post"}],"author":[{"embeddable":true,"href":"https:\/\/vocesdebaires.com.ar\/index.php\/wp-json\/wp\/v2\/users\/1"}],"replies":[{"embeddable":true,"href":"https:\/\/vocesdebaires.com.ar\/index.php\/wp-json\/wp\/v2\/comments?post=1095"}],"version-history":[{"count":0,"href":"https:\/\/vocesdebaires.com.ar\/index.php\/wp-json\/wp\/v2\/posts\/1095\/revisions"}],"wp:featuredmedia":[{"embeddable":true,"href":"https:\/\/vocesdebaires.com.ar\/index.php\/wp-json\/wp\/v2\/media\/1096"}],"wp:attachment":[{"href":"https:\/\/vocesdebaires.com.ar\/index.php\/wp-json\/wp\/v2\/media?parent=1095"}],"wp:term":[{"taxonomy":"category","embeddable":true,"href":"https:\/\/vocesdebaires.com.ar\/index.php\/wp-json\/wp\/v2\/categories?post=1095"},{"taxonomy":"post_tag","embeddable":true,"href":"https:\/\/vocesdebaires.com.ar\/index.php\/wp-json\/wp\/v2\/tags?post=1095"}],"curies":[{"name":"wp","href":"https:\/\/api.w.org\/{rel}","templated":true}]}}