{"id":1107,"date":"2020-08-12T03:00:00","date_gmt":"2020-08-12T06:00:00","guid":{"rendered":"http:\/\/vocesdebaires.com.ar\/wordpress\/index.php\/2020\/08\/12\/reunio-con-la-fac-cartoneros-y-recicladores\/"},"modified":"2020-08-12T03:00:00","modified_gmt":"2020-08-12T06:00:00","slug":"reunio-con-la-fac-cartoneros-y-recicladores","status":"publish","type":"post","link":"https:\/\/vocesdebaires.com.ar\/index.php\/2020\/08\/12\/reunio-con-la-fac-cartoneros-y-recicladores\/","title":{"rendered":"Reuni\u00f3 con la FAC, Cartoneros y Recicladores"},"content":{"rendered":"<p>El ministro de Ambiente y Desarrollo Sostenible de la Naci\u00f3n, mantuvo una reuni\u00f3n con Sergio S\u00e1nchez, presidente de la Federaci\u00f3n Argentina de Carreros, Cartoneros y Recicladores (FACCyR), Jacqueline Flores, secretaria de Mujeres y Diversidades de la Uni\u00f3n de Trabajadores de la Econom\u00eda Popular (UTEP) y referentes del Movimiento de Trabajadores Excluidos (MTE) para tratar la situaci\u00f3n de los recicladores urbanos a nivel nacional, la puesta en com\u00fan de pol\u00edticas p\u00fablicas para el sector y el an\u00e1lisis del estado del reciclaje en el pa\u00eds.<\/p>\n<p>Cabandi\u00e9 celebr\u00f3 el encuentro y asegur\u00f3 que \u201cel trabajo que realizan los carreros, cartoneros y recicladores es fundamental en el desarrollo de la econom\u00eda circular\u201d, y consider\u00f3 que los residuos son recursos y fuente de energ\u00eda e insumos para la industria, pero su gesti\u00f3n tiene un fuerte componente social en la generaci\u00f3n de empleos. Por lo tanto, ampli\u00f3: \u201cEstamos convencidos que la soluci\u00f3n definitiva se logra trabajando en conjunto con los municipios, los trabajadores y la ciudadan\u00eda\u201d.<\/p>\n<p>En la reuni\u00f3n, los representantes sociales y gremiales presentaron el Plan Nacional de Desarrollo Humano Integral, elaborado por movimientos sociales y sindicatos, que tiene como ejes la promoci\u00f3n del trabajo digno en todas sus formas y el repoblamiento del territorio argentino, con una visi\u00f3n federal. El mismo estipula la generaci\u00f3n de cuatro millones de empleos para la econom\u00eda popular y 170 mil en el marco de convenios colectivos de trabajo.<\/p>\n<p>S\u00e1nchez afirm\u00f3: \u201cPresentamos el Plan Integral de Desarrollo Humano, un plan concreto para la pospandemia, de ac\u00e1 a cuatro a\u00f1os, que tiene un eje importante en el trabajo de los compa\u00f1eros de la econom\u00eda popular y de los cartoneros\u201d, a lo que agreg\u00f3 \u201cque es uno de los sectores m\u00e1s golpeados por la imposibilidad que tuvieron durante mucho tiempo de trabajar, y en algunos lugares se lo impiden, por eso reforzamos la necesidad de que salga un protocolo validado por el Ministerio de Salud de la Naci\u00f3n\u201d.<\/p>\n<p>Asimismo, el dirigente plante\u00f3 resolver con celeridad la problem\u00e1tica de aquellos recicladores que desempe\u00f1an sus tareas en basurales a cielo abierto. Jackie Flores asever\u00f3: \u201cNos fuimos conformes con la buena predisposici\u00f3n que mostr\u00f3 el ministro para articular el sector con las pol\u00edticas p\u00fablicas necesarias para fortalecerlo y acompa\u00f1arlo nacionalmente\u201d, y continu\u00f3 con que se hizo fuerte hincapi\u00e9 en la necesidad de presentar una ley de envases que permita robustecer los sistemas de reciclado con inclusi\u00f3n, \u201cya que sin cartoneros, no hay reciclado\u201d.<\/p>\n<p>En tal sentido, se acord\u00f3 continuar y profundizar el trabajo conjunto llevado adelante entre el Ministerio de Ambiente nacional y la FACCyR, desde una mirada integral, entendiendo que la funci\u00f3n de los recicladores urbanos es clave para la sociedad y el cuidado del ambiente. A su vez, se analiz\u00f3 la realidad del colectivo de trabajadoras y trabajadores recicladores urbanos a nivel nacional, en t\u00e9rminos generales y espec\u00edficamente en el contexto de la pandemia por COVID-19, y se abordaron diversas pol\u00edticas p\u00fablicas con centro en la econom\u00eda circular y la inclusi\u00f3n social del sector.<\/p>\n","protected":false},"excerpt":{"rendered":"<p>El ministro de Ambiente y Desarrollo Sostenible de la Naci\u00f3n, mantuvo una reuni\u00f3n con Sergio S\u00e1nchez, presidente de la Federaci\u00f3n Argentina de Carreros, Cartoneros y Recicladores (FACCyR), Jacqueline Flores, secretaria de Mujeres y Diversidades de la Uni\u00f3n de Trabajadores de la Econom\u00eda Popular (UTEP) y referentes del Movimiento de Trabajadores Excluidos (MTE) para tratar la [&hellip;]<\/p>\n","protected":false},"author":1,"featured_media":1108,"comment_status":"open","ping_status":"open","sticky":false,"template":"","format":"standard","meta":{"_et_pb_use_builder":"","_et_pb_old_content":"","_et_gb_content_width":"","footnotes":""},"categories":[12,34],"tags":[],"class_list":["post-1107","post","type-post","status-publish","format-standard","has-post-thumbnail","hentry","category-nacion","category-politica"],"_links":{"self":[{"href":"https:\/\/vocesdebaires.com.ar\/index.php\/wp-json\/wp\/v2\/posts\/1107"}],"collection":[{"href":"https:\/\/vocesdebaires.com.ar\/index.php\/wp-json\/wp\/v2\/posts"}],"about":[{"href":"https:\/\/vocesdebaires.com.ar\/index.php\/wp-json\/wp\/v2\/types\/post"}],"author":[{"embeddable":true,"href":"https:\/\/vocesdebaires.com.ar\/index.php\/wp-json\/wp\/v2\/users\/1"}],"replies":[{"embeddable":true,"href":"https:\/\/vocesdebaires.com.ar\/index.php\/wp-json\/wp\/v2\/comments?post=1107"}],"version-history":[{"count":0,"href":"https:\/\/vocesdebaires.com.ar\/index.php\/wp-json\/wp\/v2\/posts\/1107\/revisions"}],"wp:featuredmedia":[{"embeddable":true,"href":"https:\/\/vocesdebaires.com.ar\/index.php\/wp-json\/wp\/v2\/media\/1108"}],"wp:attachment":[{"href":"https:\/\/vocesdebaires.com.ar\/index.php\/wp-json\/wp\/v2\/media?parent=1107"}],"wp:term":[{"taxonomy":"category","embeddable":true,"href":"https:\/\/vocesdebaires.com.ar\/index.php\/wp-json\/wp\/v2\/categories?post=1107"},{"taxonomy":"post_tag","embeddable":true,"href":"https:\/\/vocesdebaires.com.ar\/index.php\/wp-json\/wp\/v2\/tags?post=1107"}],"curies":[{"name":"wp","href":"https:\/\/api.w.org\/{rel}","templated":true}]}}