{"id":1123,"date":"2020-08-10T03:00:00","date_gmt":"2020-08-10T06:00:00","guid":{"rendered":"http:\/\/vocesdebaires.com.ar\/wordpress\/index.php\/2020\/08\/10\/amplio-debate-en-la-comision-de-cultura\/"},"modified":"2020-08-10T03:00:00","modified_gmt":"2020-08-10T06:00:00","slug":"amplio-debate-en-la-comision-de-cultura","status":"publish","type":"post","link":"https:\/\/vocesdebaires.com.ar\/index.php\/2020\/08\/10\/amplio-debate-en-la-comision-de-cultura\/","title":{"rendered":"Amplio debate en la comisi\u00f3n de Cultura"},"content":{"rendered":"<p>La comisi\u00f3n legislativa de Cultura, que preside el legislador Roy Cortina (VJ) se reuni\u00f3 por video conferencia y analiz\u00f3 la situaci\u00f3n cr\u00edtica de los sectores afectados por la emergencia sanitaria, a la vez que se dispon\u00eda a dictaminar sobre diversos expedientes, uno de ellos para declarar Personalidad Destacada de la Ciudad de Buenos Aires al m\u00fasico compositor David Leb\u00f3n.Por otra parte, se acord\u00f3 impulsar una participaci\u00f3n m\u00e1s activa de los legisladores en las comisiones especiales de Bares Notables, de Nomenclatura Urbana y la Evaluadora de obras de arte en el espacio p\u00fablico.<\/p>\n<p>El legislador Ariel \u00c1lvarez Palma (UCR) defendi\u00f3 su proyecto del 2019 para nominar Presidente Alfons\u00edn a la nueva autopista del Paseo del Bajo, no obstante lo cual accedi\u00f3 a retirar la iniciativa para resolver esa denominaci\u00f3n en forma consensuada con el Poder Ejecutivo. Cortina, por su parte, present\u00f3 su proyecto de ley que procura otorgar mayor porcentaje de difusi\u00f3n a la m\u00fasica de origen nacional en las emisiones de los medios de comunicaci\u00f3n audiovisuales y radiof\u00f3nicos que dependen de la Ciudad Aut\u00f3noma.<\/p>\n<p>Adem\u00e1s del dictamen a favor de distinguir la trayectoria del m\u00fasico Leb\u00f3n, presentado por el legislador Mat\u00edas L\u00f3pez (VJ) con amplio acompa\u00f1amiento de legisladores\u00a0 de distintos bloques, tambi\u00e9n se pusieron en consideraci\u00f3n iniciativas para designar Personalidades Destacadas en el \u00e1mbito de la Cultura al chef de cocina Donato de Santis (tambi\u00e9n de M. L\u00f3pez); el grupo musical popular Arbolito (Javier Andrade \u2013 FdT); el artista pl\u00e1stico Manuel Larralde (Natalia Fidel \u2013 VJ); el emprendedor gastron\u00f3mico y cultural Carlos Eugenio Monti (Claudio Ferre\u00f1o \u2013 FdT), y el chef pastelero Osvaldo Gross (Mercedes De las Casas \u2013 VJ). A propuesta de la legisladora Fidel y con modificaciones requeridas por el Frente de Todos, se consensu\u00f3 una declaraci\u00f3n conmemorativa de los 400 a\u00f1os de la Di\u00f3cesis de Buenos Aires (hoy Arquidi\u00f3cesis primada de la Iglesia Cat\u00f3lica en la Argentina).<\/p>\n","protected":false},"excerpt":{"rendered":"<p>La comisi\u00f3n legislativa de Cultura, que preside el legislador Roy Cortina (VJ) se reuni\u00f3 por video conferencia y analiz\u00f3 la situaci\u00f3n cr\u00edtica de los sectores afectados por la emergencia sanitaria, a la vez que se dispon\u00eda a dictaminar sobre diversos expedientes, uno de ellos para declarar Personalidad Destacada de la Ciudad de Buenos Aires al [&hellip;]<\/p>\n","protected":false},"author":1,"featured_media":1124,"comment_status":"open","ping_status":"open","sticky":false,"template":"","format":"standard","meta":{"_et_pb_use_builder":"","_et_pb_old_content":"","_et_gb_content_width":"","footnotes":""},"categories":[11,33],"tags":[],"class_list":["post-1123","post","type-post","status-publish","format-standard","has-post-thumbnail","hentry","category-ciudad","category-sociedad-y-cultura-2"],"_links":{"self":[{"href":"https:\/\/vocesdebaires.com.ar\/index.php\/wp-json\/wp\/v2\/posts\/1123"}],"collection":[{"href":"https:\/\/vocesdebaires.com.ar\/index.php\/wp-json\/wp\/v2\/posts"}],"about":[{"href":"https:\/\/vocesdebaires.com.ar\/index.php\/wp-json\/wp\/v2\/types\/post"}],"author":[{"embeddable":true,"href":"https:\/\/vocesdebaires.com.ar\/index.php\/wp-json\/wp\/v2\/users\/1"}],"replies":[{"embeddable":true,"href":"https:\/\/vocesdebaires.com.ar\/index.php\/wp-json\/wp\/v2\/comments?post=1123"}],"version-history":[{"count":0,"href":"https:\/\/vocesdebaires.com.ar\/index.php\/wp-json\/wp\/v2\/posts\/1123\/revisions"}],"wp:featuredmedia":[{"embeddable":true,"href":"https:\/\/vocesdebaires.com.ar\/index.php\/wp-json\/wp\/v2\/media\/1124"}],"wp:attachment":[{"href":"https:\/\/vocesdebaires.com.ar\/index.php\/wp-json\/wp\/v2\/media?parent=1123"}],"wp:term":[{"taxonomy":"category","embeddable":true,"href":"https:\/\/vocesdebaires.com.ar\/index.php\/wp-json\/wp\/v2\/categories?post=1123"},{"taxonomy":"post_tag","embeddable":true,"href":"https:\/\/vocesdebaires.com.ar\/index.php\/wp-json\/wp\/v2\/tags?post=1123"}],"curies":[{"name":"wp","href":"https:\/\/api.w.org\/{rel}","templated":true}]}}