{"id":1125,"date":"2020-08-10T03:00:00","date_gmt":"2020-08-10T06:00:00","guid":{"rendered":"http:\/\/vocesdebaires.com.ar\/wordpress\/index.php\/2020\/08\/10\/trabajan-una-ley-para-juicios-por-jurados\/"},"modified":"2020-08-10T03:00:00","modified_gmt":"2020-08-10T06:00:00","slug":"trabajan-una-ley-para-juicios-por-jurados","status":"publish","type":"post","link":"https:\/\/vocesdebaires.com.ar\/index.php\/2020\/08\/10\/trabajan-una-ley-para-juicios-por-jurados\/","title":{"rendered":"Trabajan una ley para juicios por jurados"},"content":{"rendered":"<p>Con la presidencia del legislador\u00a0 Mart\u00edn Ocampo (UCR), el pasado viernes la Comisi\u00f3n de Justicia de la Legislatura porte\u00f1a y escuch\u00f3 las ponencias de tres expertos en derecho penal, en el marco de las consultas y deliberaciones para definir una ley que ponga en funcionamiento el juicio por jurados para las causas criminales en la Ciudad Aut\u00f3noma de Buenos Aires. La reuni\u00f3n por videoconferencia realizada esta tarde fue convocada en funci\u00f3n de dos proyectos con estado parlamentario: uno del legislador Leandro Halper\u00edn (UCR), respaldado por su bloque, y otro del legislador Claudio Cingolani (VJ), tambi\u00e9n apoyado por su bancada.<\/p>\n<p>Como explic\u00f3 en sus fundamentos el propio legislador Halper\u00edn, \u201cel proyecto original data de 1999 y fue suscripto por los diputados De Giovanni y Beliz; posteriormente presentaron iniciativas los legislador Ricardo Busacca, Silvia La Ruffa, An\u00edbal Ibarra, Paula Oliveto Lago y Claudio Cingolani\u201d. Los que est\u00e1n en tratamiento actualmente toman como referencia trabajos del Consejo de la Magistratura de la Ciudad. El juicio por jurado es una instituci\u00f3n creada por la Constituci\u00f3n Nacional desde 1853\/60, que delega su aplicaci\u00f3n en los estados provinciales. Pero solo una media docena de provincias lo ha implementado, siendo C\u00f3rdoba la primera y m\u00e1s experimentada al respecto. La Constituci\u00f3n de la Ciudad de Buenos Aires ordena crear este sistema de juzgamiento en sus art\u00edculos 81, inciso 2, y 106. A su vez, el proceso de traspaso de competencias judiciales desde la Naci\u00f3n a la Ciudad, como la penal, implican la sanci\u00f3n o adaptaci\u00f3n de nuevas normas, algunas ya concretadas y otras en curso.<\/p>\n<p>Expusieron ante la Comisi\u00f3n de Justicia del parlamento metropolitano el juez Gonzalo Rua, consejero de la Magistratura; la abogada Luciana Pi\u00f1eyro, coordinadora del programa para la implementaci\u00f3n del juicio por jurados en el Consejo de la Magistratura, y el juez Mario Juliano, cofundador y director de la Fundaci\u00f3n para el Pensamiento Penal. Tanto Ocampo cuanto Halper\u00edn, uno presidente de la comisi\u00f3n y el otro promotor de la ley en ciernes, anunciaron que continuar\u00e1n las consultas con representantes de la sociedad civil y del Ejecutivo local para avanzar en las coincidencias que permitan la sanci\u00f3n de una norma de amplio consenso. Participaron de la reuni\u00f3n, adem\u00e1s de los ya mencionados, los legisladores\/as Claudia Neira, Mar\u00eda Rosa Mui\u00f1os y Luc\u00eda C\u00e1mpora (FdT); Gimena Villafruela, Gast\u00f3n Blanchetiere, Claudio Romero, Mat\u00edas L\u00f3pez y Mar\u00eda Luisa Gonz\u00e1lez Estevarena (VJ); Sergio Abrevaya (Gen).<\/p>\n","protected":false},"excerpt":{"rendered":"<p>Con la presidencia del legislador\u00a0 Mart\u00edn Ocampo (UCR), el pasado viernes la Comisi\u00f3n de Justicia de la Legislatura porte\u00f1a y escuch\u00f3 las ponencias de tres expertos en derecho penal, en el marco de las consultas y deliberaciones para definir una ley que ponga en funcionamiento el juicio por jurados para las causas criminales en la [&hellip;]<\/p>\n","protected":false},"author":1,"featured_media":1126,"comment_status":"open","ping_status":"open","sticky":false,"template":"","format":"standard","meta":{"_et_pb_use_builder":"","_et_pb_old_content":"","_et_gb_content_width":"","footnotes":""},"categories":[11,33],"tags":[],"class_list":["post-1125","post","type-post","status-publish","format-standard","has-post-thumbnail","hentry","category-ciudad","category-sociedad-y-cultura-2"],"_links":{"self":[{"href":"https:\/\/vocesdebaires.com.ar\/index.php\/wp-json\/wp\/v2\/posts\/1125"}],"collection":[{"href":"https:\/\/vocesdebaires.com.ar\/index.php\/wp-json\/wp\/v2\/posts"}],"about":[{"href":"https:\/\/vocesdebaires.com.ar\/index.php\/wp-json\/wp\/v2\/types\/post"}],"author":[{"embeddable":true,"href":"https:\/\/vocesdebaires.com.ar\/index.php\/wp-json\/wp\/v2\/users\/1"}],"replies":[{"embeddable":true,"href":"https:\/\/vocesdebaires.com.ar\/index.php\/wp-json\/wp\/v2\/comments?post=1125"}],"version-history":[{"count":0,"href":"https:\/\/vocesdebaires.com.ar\/index.php\/wp-json\/wp\/v2\/posts\/1125\/revisions"}],"wp:featuredmedia":[{"embeddable":true,"href":"https:\/\/vocesdebaires.com.ar\/index.php\/wp-json\/wp\/v2\/media\/1126"}],"wp:attachment":[{"href":"https:\/\/vocesdebaires.com.ar\/index.php\/wp-json\/wp\/v2\/media?parent=1125"}],"wp:term":[{"taxonomy":"category","embeddable":true,"href":"https:\/\/vocesdebaires.com.ar\/index.php\/wp-json\/wp\/v2\/categories?post=1125"},{"taxonomy":"post_tag","embeddable":true,"href":"https:\/\/vocesdebaires.com.ar\/index.php\/wp-json\/wp\/v2\/tags?post=1125"}],"curies":[{"name":"wp","href":"https:\/\/api.w.org\/{rel}","templated":true}]}}