{"id":1143,"date":"2020-08-07T03:05:16","date_gmt":"2020-08-07T06:05:16","guid":{"rendered":"http:\/\/vocesdebaires.com.ar\/wordpress\/index.php\/2020\/08\/07\/recoleta-clausuraron-la-cerveceria-buller\/"},"modified":"2020-08-07T03:05:16","modified_gmt":"2020-08-07T06:05:16","slug":"recoleta-clausuraron-la-cerveceria-buller","status":"publish","type":"post","link":"https:\/\/vocesdebaires.com.ar\/index.php\/2020\/08\/07\/recoleta-clausuraron-la-cerveceria-buller\/","title":{"rendered":"Recoleta: Clausuraron la cervecer\u00eda Buller"},"content":{"rendered":"<p>En el peor momento desde que la pandemia de coronavirus comenz\u00f3 a avanzar en la Argentina, grupos de j\u00f3venes violaron la cuarentena en la Ciudad y, sin acatar ninguna de las medidas de prevenci\u00f3n, se reunieron en la puerta de un bar de Recoleta. La Capital Federal, al igual que 35 municipios del \u00c1rea Metropolitana de Buenos Aires, contin\u00faa en la fase 3 del aislamiento social, preventivo y obligatorio, pese las flexibilizaciones que se permitieron en las \u00faltimas semanas. En lo que respecta a los locales gastron\u00f3micos, solo est\u00e1n habilitados para la venta v\u00eda delivery o bajo la modalidad take away, es decir, pasar a retirar el pedido.<\/p>\n<p>Sin embargo, la cervecer\u00eda \u201cBuller\u201d permiti\u00f3 el pasado \u00a0mi\u00e9rcoles que la gente permanezca consumiendo en la vereda del comercio, ubicado en Jun\u00edn y Vicente L\u00f3pez, frente al cementerio de Recoleta. Desde hace semanas, Argentina acumula un promedio de m\u00e1s de 100 muertes por d\u00eda. Este mi\u00e9rcoles se registraron 127 y, como si fuera poco, fue la jornada con m\u00e1s contagios desde el inicio de la pandemia: 7.147 nuevos infectados de COVID-19, de los cuales 1.467 corresponden a la Ciudad de Buenos Aires.<\/p>\n<p>Ni los datos alarmantes del avance del coronavirus pudieron contra la irresponsabilidad del encargado de la cervecer\u00eda y contra la imprudencia de decenas de j\u00f3venes, que se juntaron en la puerta del local sin respetar el distanciamiento social ni ninguna medida de prevenci\u00f3n. Por ello, el hecho caus\u00f3 indignaci\u00f3n en las redes sociales y se convirti\u00f3 en tendencia en Twitter. Los usuarios publicaron fotos y videos en los que se ve la concentraci\u00f3n de j\u00f3venes sin barbijo, situaci\u00f3n que ya habr\u00eda sucedido el fin de semana en el mismo lugar que fue clausurado anoche.<\/p>\n<p>El funcionario repas\u00f3 que el Gobierno est\u00e1 al frente del cuidado para \u201cevitar los contagios, salvar vidas y proteger a las pymes\u201d, pero llam\u00f3 \u201ca la responsabilidad de todos\u201d para esta etapa de flexibilizaci\u00f3n de la cuarentena. \u201cCuid\u00e9moslo, seamos respetuosos\u201d, reclam\u00f3.Asimismo, por violaci\u00f3n al art\u00edculo 205 del C\u00f3digo Penal, la Polic\u00eda de la Ciudad notific\u00f3 al encargado de \u201cBuller\u201d, \u201cdebido a que vend\u00eda bebidas sin respetar la distancia social para evitar el contagio del coronavirus\u201d. La misma suerte corri\u00f3 su par de \u201cBartola\u201d, el bar de al lado, que tambi\u00e9n fue se\u00f1alado por permitir que los consumidores permanezcan en la puerta del local sin atenerse a las medidas de prevenci\u00f3n y aislamiento.<\/p>\n","protected":false},"excerpt":{"rendered":"<p>En el peor momento desde que la pandemia de coronavirus comenz\u00f3 a avanzar en la Argentina, grupos de j\u00f3venes violaron la cuarentena en la Ciudad y, sin acatar ninguna de las medidas de prevenci\u00f3n, se reunieron en la puerta de un bar de Recoleta. La Capital Federal, al igual que 35 municipios del \u00c1rea Metropolitana [&hellip;]<\/p>\n","protected":false},"author":1,"featured_media":1144,"comment_status":"open","ping_status":"open","sticky":false,"template":"","format":"standard","meta":{"_et_pb_use_builder":"","_et_pb_old_content":"","_et_gb_content_width":"","footnotes":""},"categories":[11,32],"tags":[],"class_list":["post-1143","post","type-post","status-publish","format-standard","has-post-thumbnail","hentry","category-ciudad","category-comunas"],"_links":{"self":[{"href":"https:\/\/vocesdebaires.com.ar\/index.php\/wp-json\/wp\/v2\/posts\/1143"}],"collection":[{"href":"https:\/\/vocesdebaires.com.ar\/index.php\/wp-json\/wp\/v2\/posts"}],"about":[{"href":"https:\/\/vocesdebaires.com.ar\/index.php\/wp-json\/wp\/v2\/types\/post"}],"author":[{"embeddable":true,"href":"https:\/\/vocesdebaires.com.ar\/index.php\/wp-json\/wp\/v2\/users\/1"}],"replies":[{"embeddable":true,"href":"https:\/\/vocesdebaires.com.ar\/index.php\/wp-json\/wp\/v2\/comments?post=1143"}],"version-history":[{"count":0,"href":"https:\/\/vocesdebaires.com.ar\/index.php\/wp-json\/wp\/v2\/posts\/1143\/revisions"}],"wp:featuredmedia":[{"embeddable":true,"href":"https:\/\/vocesdebaires.com.ar\/index.php\/wp-json\/wp\/v2\/media\/1144"}],"wp:attachment":[{"href":"https:\/\/vocesdebaires.com.ar\/index.php\/wp-json\/wp\/v2\/media?parent=1143"}],"wp:term":[{"taxonomy":"category","embeddable":true,"href":"https:\/\/vocesdebaires.com.ar\/index.php\/wp-json\/wp\/v2\/categories?post=1143"},{"taxonomy":"post_tag","embeddable":true,"href":"https:\/\/vocesdebaires.com.ar\/index.php\/wp-json\/wp\/v2\/tags?post=1143"}],"curies":[{"name":"wp","href":"https:\/\/api.w.org\/{rel}","templated":true}]}}