{"id":1157,"date":"2020-08-28T03:00:00","date_gmt":"2020-08-28T06:00:00","guid":{"rendered":"http:\/\/vocesdebaires.com.ar\/wordpress\/index.php\/2020\/08\/28\/balvanera-detuvieron-a-ladron-de-celulares\/"},"modified":"2020-08-28T03:00:00","modified_gmt":"2020-08-28T06:00:00","slug":"balvanera-detuvieron-a-ladron-de-celulares","status":"publish","type":"post","link":"https:\/\/vocesdebaires.com.ar\/index.php\/2020\/08\/28\/balvanera-detuvieron-a-ladron-de-celulares\/","title":{"rendered":"Balvanera detuvieron a ladr\u00f3n de celulares"},"content":{"rendered":"<p>Personal de facci\u00f3n afectado al Servicio Bancario de la Comisar\u00eda Vecinal 3 A acudi\u00f3 ante un tumulto frente a un local en la avenida Corrientes al 2400, donde una mujer cont\u00f3 que un hombre vestido con una remera roja, que escapaba por Larrea hacia Lavalle, le hab\u00eda robado su celular. El oficial irradi\u00f3 el alerta, inici\u00e1ndose la persecuci\u00f3n de infanter\u00eda, al tiempo que en apoyo asistieron otros efectivos, entre ellos binomios motorizados del cuerpo Delta, logrando la detenci\u00f3n del ladr\u00f3n, de 42 a\u00f1os, en Lavalle al 2400.<\/p>\n<p>Con testigos mediante, al delincuente se le secuestr\u00f3 una pistola Bersa Thunder 9 mil\u00edmetros, con 17 cartuchos de bala, y el celular Iphone, robado a la mujer. Por otra parte, un oficial afectado al Servicio de Prevenci\u00f3n de Instalaci\u00f3n de Manteros, de la Polic\u00eda de la Ciudad, concurri\u00f3 al local comercial donde se produjo el robo, y asisti\u00f3 a una mujer, de 26 a\u00f1os, empleada del comercio, quien sufri\u00f3 un culatazo en la cabeza por parte de ladr\u00f3n, por lo cual pidi\u00f3 asistencia m\u00e9dica.Realizada la consulta con el Juzgado Nacional en lo Criminal y Correccional 16, a cargo del Dr. Mariano Iturralde, secretar\u00eda 111, de la Dra. Turconi, dispuso la detenci\u00f3n del hombre, verificar antecedentes y domicilio del imputado, y el secuestro del arma y las balas.<\/p>\n","protected":false},"excerpt":{"rendered":"<p>Personal de facci\u00f3n afectado al Servicio Bancario de la Comisar\u00eda Vecinal 3 A acudi\u00f3 ante un tumulto frente a un local en la avenida Corrientes al 2400, donde una mujer cont\u00f3 que un hombre vestido con una remera roja, que escapaba por Larrea hacia Lavalle, le hab\u00eda robado su celular. El oficial irradi\u00f3 el alerta, [&hellip;]<\/p>\n","protected":false},"author":1,"featured_media":1158,"comment_status":"open","ping_status":"open","sticky":false,"template":"","format":"standard","meta":{"_et_pb_use_builder":"","_et_pb_old_content":"","_et_gb_content_width":"","footnotes":""},"categories":[11,32],"tags":[],"class_list":["post-1157","post","type-post","status-publish","format-standard","has-post-thumbnail","hentry","category-ciudad","category-comunas"],"_links":{"self":[{"href":"https:\/\/vocesdebaires.com.ar\/index.php\/wp-json\/wp\/v2\/posts\/1157"}],"collection":[{"href":"https:\/\/vocesdebaires.com.ar\/index.php\/wp-json\/wp\/v2\/posts"}],"about":[{"href":"https:\/\/vocesdebaires.com.ar\/index.php\/wp-json\/wp\/v2\/types\/post"}],"author":[{"embeddable":true,"href":"https:\/\/vocesdebaires.com.ar\/index.php\/wp-json\/wp\/v2\/users\/1"}],"replies":[{"embeddable":true,"href":"https:\/\/vocesdebaires.com.ar\/index.php\/wp-json\/wp\/v2\/comments?post=1157"}],"version-history":[{"count":0,"href":"https:\/\/vocesdebaires.com.ar\/index.php\/wp-json\/wp\/v2\/posts\/1157\/revisions"}],"wp:featuredmedia":[{"embeddable":true,"href":"https:\/\/vocesdebaires.com.ar\/index.php\/wp-json\/wp\/v2\/media\/1158"}],"wp:attachment":[{"href":"https:\/\/vocesdebaires.com.ar\/index.php\/wp-json\/wp\/v2\/media?parent=1157"}],"wp:term":[{"taxonomy":"category","embeddable":true,"href":"https:\/\/vocesdebaires.com.ar\/index.php\/wp-json\/wp\/v2\/categories?post=1157"},{"taxonomy":"post_tag","embeddable":true,"href":"https:\/\/vocesdebaires.com.ar\/index.php\/wp-json\/wp\/v2\/tags?post=1157"}],"curies":[{"name":"wp","href":"https:\/\/api.w.org\/{rel}","templated":true}]}}