{"id":11596,"date":"2016-12-15T11:24:41","date_gmt":"2016-12-15T14:24:41","guid":{"rendered":"http:\/\/vocesdebaires.com.ar\/wordpress\/index.php\/2016\/12\/15\/reconocimiento-distincion-a-karateka-campeon-del-mundo\/"},"modified":"2016-12-15T11:24:41","modified_gmt":"2016-12-15T14:24:41","slug":"reconocimiento-distincion-a-karateka-campeon-del-mundo","status":"publish","type":"post","link":"https:\/\/vocesdebaires.com.ar\/index.php\/2016\/12\/15\/reconocimiento-distincion-a-karateka-campeon-del-mundo\/","title":{"rendered":"Reconocimiento: Distinci\u00f3n a karateka campe\u00f3n del mundo"},"content":{"rendered":"<p>El karateka Sebasti\u00e1n Olazarri recibi\u00f3 el diploma en reconocimiento a su logro tras haber ganado el campeonato de Copa del Mundo Juvenil de Karate que se llev\u00f3 a cabo en la ciudad de Umag &#8211; Rep\u00fablica de Croacia, entre el 1 y 3 de julio del corriente a\u00f1o. La legisladora Natalia Persini impuls\u00f3 la iniciativa y presidi\u00f3 el evento junto a su par Christian Bauab (PRO).\u00bbEl karate es una disciplina noble y Sebasti\u00e1n es un ejemplo de entrega, perseverancia y dedicaci\u00f3n. Haber apostado por su vocaci\u00f3n es muy valorable, est\u00e1 dando grandes pasos y contin\u00faa obteniendo importantes logros\u00bb, expres\u00f3 Persini en sus palabras de bienvenida.<\/p>\n<p>Por su parte, el presidente de la Comisi\u00f3n legislativa de Turismo y Deporte, Christian Bauab, destac\u00f3 el gran momento de expansi\u00f3n que est\u00e1 viviendo el karate en el pa\u00eds y el constante apoyo de las autoridades competentes para que eso suceda. \u00abSebasti\u00e1n hace un gran esfuerzo d\u00eda a d\u00eda por la disciplina, lo cual es muy valorable. Desde la Legislatura lo apoyamos y esperamos que contin\u00fae cosechando grandes logros\u00bb, concluy\u00f3.<\/p>\n<p>El homenajeado se mostr\u00f3 muy agradecido con el reconocimiento y, tras asegurar que su mayor objetivo es ser campe\u00f3n del mundo, afirm\u00f3: \u00abLo que consegu\u00ed yo lo puede lograr cualquiera que se lo proponga. Este t\u00edtulo no es un l\u00edmite ni un techo para mi, creo que puedo ir por mucho m\u00e1s y me encantar\u00eda que otros tambi\u00e9n me superen a mi\u00bb. El evento se realiz\u00f3 ayer en el sal\u00f3n \u00abDorado\u00bb del Palacio Legislativo con la presencia de funcionarios, periodistas y especialistas en deporte, familiares y amigos del distinguido.<\/p>\n<p>Atleta con futuro<\/p>\n<p>El t\u00edtulo obtenido se dio en el marco de la 9\u00b0 Copa del Mundo Junior, Cadetes y Menores de 21 a\u00f1os, organizada por la Federaci\u00f3n Mundial de Karate \u00abWorld Karate Federation\u00bb -WKF-, donde participaron 1.246 atletas de m\u00e1s 50 pa\u00edses. Olazarri se consagr\u00f3 dentro de la categor\u00eda Kumite Junior -76 kilogramos- imponi\u00e9ndose en la primera ronda por 3 a 0 contra Suecia, luego venci\u00f3 6 a 1 al representante de Polonia, en cuartos de final 5 a 1 a Croacia, en la semifinal 5 a 0 frente a Dinamarca y, por \u00faltimo, en la final gan\u00f3 por 7 a 2 contra Rusia.<\/p>\n<p>Sebasti\u00e1n, de 18 a\u00f1os, ha representado a la Ciudad de Buenos Aires en los Campeonatos Nacionales, desde las categor\u00edas de infantiles cadetes y juveniles hasta la actualidad. Cabe destacar que se consagr\u00f3 en cinco oportunidades Campe\u00f3n Panamericano (Canc\u00fan, M\u00e9xico Agosto 2012; Medell\u00edn, Colombia Septiembre 2013; Lima, Per\u00fa 2014 y Santa Cruz de la Sierra, Bolivia 2015), fue cuatro veces Campe\u00f3n Sudamericano y en dos oportunidades gan\u00f3 la Medalla de Oro en la Copa del Mundo en su categor\u00eda.<\/p>\n<p>El atleta es miembro afiliado del Club V\u00e9lez Sarsfield, de la Federaci\u00f3n de Karate de la Ciudad de Buenos Aires, integrante del equipo nacional y se encuentra dentro del programa de alto rendimiento del Ente Nacional de Alto Rendimiento Deportivo -ENARD-.<\/p>\n","protected":false},"excerpt":{"rendered":"<p>El karateka Sebasti\u00e1n Olazarri recibi\u00f3 el diploma en reconocimiento a su logro tras haber ganado el campeonato de Copa del Mundo Juvenil de Karate que se llev\u00f3 a cabo en la ciudad de Umag &#8211; Rep\u00fablica de Croacia, entre el 1 y 3 de julio del corriente a\u00f1o. La legisladora Natalia Persini impuls\u00f3 la iniciativa [&hellip;]<\/p>\n","protected":false},"author":2,"featured_media":11597,"comment_status":"open","ping_status":"open","sticky":false,"template":"","format":"standard","meta":{"_et_pb_use_builder":"","_et_pb_old_content":"","_et_gb_content_width":"","footnotes":""},"categories":[14,46],"tags":[],"class_list":["post-11596","post","type-post","status-publish","format-standard","has-post-thumbnail","hentry","category-deportes","category-polideportiva"],"_links":{"self":[{"href":"https:\/\/vocesdebaires.com.ar\/index.php\/wp-json\/wp\/v2\/posts\/11596"}],"collection":[{"href":"https:\/\/vocesdebaires.com.ar\/index.php\/wp-json\/wp\/v2\/posts"}],"about":[{"href":"https:\/\/vocesdebaires.com.ar\/index.php\/wp-json\/wp\/v2\/types\/post"}],"author":[{"embeddable":true,"href":"https:\/\/vocesdebaires.com.ar\/index.php\/wp-json\/wp\/v2\/users\/2"}],"replies":[{"embeddable":true,"href":"https:\/\/vocesdebaires.com.ar\/index.php\/wp-json\/wp\/v2\/comments?post=11596"}],"version-history":[{"count":0,"href":"https:\/\/vocesdebaires.com.ar\/index.php\/wp-json\/wp\/v2\/posts\/11596\/revisions"}],"wp:featuredmedia":[{"embeddable":true,"href":"https:\/\/vocesdebaires.com.ar\/index.php\/wp-json\/wp\/v2\/media\/11597"}],"wp:attachment":[{"href":"https:\/\/vocesdebaires.com.ar\/index.php\/wp-json\/wp\/v2\/media?parent=11596"}],"wp:term":[{"taxonomy":"category","embeddable":true,"href":"https:\/\/vocesdebaires.com.ar\/index.php\/wp-json\/wp\/v2\/categories?post=11596"},{"taxonomy":"post_tag","embeddable":true,"href":"https:\/\/vocesdebaires.com.ar\/index.php\/wp-json\/wp\/v2\/tags?post=11596"}],"curies":[{"name":"wp","href":"https:\/\/api.w.org\/{rel}","templated":true}]}}