{"id":11600,"date":"2016-12-15T10:35:54","date_gmt":"2016-12-15T13:35:54","guid":{"rendered":"http:\/\/vocesdebaires.com.ar\/wordpress\/index.php\/2016\/12\/15\/distinguieron-a-daniel-orsanic\/"},"modified":"2016-12-15T10:35:54","modified_gmt":"2016-12-15T13:35:54","slug":"distinguieron-a-daniel-orsanic","status":"publish","type":"post","link":"https:\/\/vocesdebaires.com.ar\/index.php\/2016\/12\/15\/distinguieron-a-daniel-orsanic\/","title":{"rendered":"Distinguieron a Daniel Orsanic"},"content":{"rendered":"<p>Se realiz\u00f3 ayer en la Legislatura porte\u00f1a un acto para distinguir al capit\u00e1n del equipo argentino campe\u00f3n de la Copa Davis, Daniel Orsanic, en reconocimiento al logro deportivo obtenido por primera vez en la historia del tenis en el pa\u00eds. La iniciativa fue de los diputados Roberto Quattromano y Emilio Raposo Varela (PRO). \u00abDaniel demostr\u00f3 tranquilidad en momentos de euforia. Transmitir esa paz es admirable y muy necesario. Le agradezco en nombre de todo el pa\u00eds por este t\u00edtulo tan ansiado para el tenis argentino. Ojal\u00e1 haya muchos Orsanic en el deporte nacional\u00bb, afirm\u00f3 Quattromano al iniciar la ceremonia en el Sal\u00f3n Eva Per\u00f3n del Parlamento Legislativo.<\/p>\n<p>Raposo Varela expres\u00f3: \u00abFomenta los valores del esfuerzo, la humildad, el orgullo, el compa\u00f1erismo y la uni\u00f3n como mensaje que trasciende los resultados deportivos. Ya es parte de la historia, del presente y del futuro del deporte argentino\u00bb.\u00bbEste reconocimiento es un orgullo muy grande a nivel personal. Me toca representar a mucha gente que trabaja conmigo. Sin la entrega, predisposici\u00f3n y el compromiso de los jugadores, cualquier objetivo pierde fuerza. Si desde el tenis puedo transmitir el compa\u00f1erismo y respeto con el pr\u00f3jimo, esa es la mayor satisfacci\u00f3n\u00bb expres\u00f3 el capit\u00e1n argentino de Copa Davis luego de recibir el diploma de Personalidad Destacada.<\/p>\n<p>El pasado 27 de noviembre, el equipo comandado por Orsanic derrot\u00f3 por 3-2 a su par de Croacia en la final de la Copa Davis disputada en Zagreb. De esta manera, Argentina logr\u00f3 el tan ansiado t\u00edtulo mundial tras cuatro finales perdidas: en 1981 (ante Estados Unidos), 2006 (contra Rusia), 2008 (triunfo de Espa\u00f1a en Mar del Plata) y 2011 (nuevamente ante Espa\u00f1a).Estuvieron presentes en el acto los diputados Daniel Del Sol, Cristina Garc\u00eda, Carolina Estebarena, Fernando Yuan y Claudio Ni\u00f1o (PRO); el presidente de la Asociaci\u00f3n Argentina de Tenis (AAT), Armando Cervone y el presidente del Consejo de la Magistratura, Enzo Pagani; entre otros.<\/p>\n<p>Foto : legisladores Emilio Raposo Varela; Roberto Quattromano; Daniel Orsanic con el diploma de Personalidad Destacada y el presidente de la Asociaci\u00f3n Argentina de Tenis, Armando Cervone<\/p>\n","protected":false},"excerpt":{"rendered":"<p>Se realiz\u00f3 ayer en la Legislatura porte\u00f1a un acto para distinguir al capit\u00e1n del equipo argentino campe\u00f3n de la Copa Davis, Daniel Orsanic, en reconocimiento al logro deportivo obtenido por primera vez en la historia del tenis en el pa\u00eds. La iniciativa fue de los diputados Roberto Quattromano y Emilio Raposo Varela (PRO). \u00abDaniel demostr\u00f3 [&hellip;]<\/p>\n","protected":false},"author":2,"featured_media":11601,"comment_status":"open","ping_status":"open","sticky":false,"template":"","format":"standard","meta":{"_et_pb_use_builder":"","_et_pb_old_content":"","_et_gb_content_width":"","footnotes":""},"categories":[14,51],"tags":[],"class_list":["post-11600","post","type-post","status-publish","format-standard","has-post-thumbnail","hentry","category-deportes","category-tenis"],"_links":{"self":[{"href":"https:\/\/vocesdebaires.com.ar\/index.php\/wp-json\/wp\/v2\/posts\/11600"}],"collection":[{"href":"https:\/\/vocesdebaires.com.ar\/index.php\/wp-json\/wp\/v2\/posts"}],"about":[{"href":"https:\/\/vocesdebaires.com.ar\/index.php\/wp-json\/wp\/v2\/types\/post"}],"author":[{"embeddable":true,"href":"https:\/\/vocesdebaires.com.ar\/index.php\/wp-json\/wp\/v2\/users\/2"}],"replies":[{"embeddable":true,"href":"https:\/\/vocesdebaires.com.ar\/index.php\/wp-json\/wp\/v2\/comments?post=11600"}],"version-history":[{"count":0,"href":"https:\/\/vocesdebaires.com.ar\/index.php\/wp-json\/wp\/v2\/posts\/11600\/revisions"}],"wp:featuredmedia":[{"embeddable":true,"href":"https:\/\/vocesdebaires.com.ar\/index.php\/wp-json\/wp\/v2\/media\/11601"}],"wp:attachment":[{"href":"https:\/\/vocesdebaires.com.ar\/index.php\/wp-json\/wp\/v2\/media?parent=11600"}],"wp:term":[{"taxonomy":"category","embeddable":true,"href":"https:\/\/vocesdebaires.com.ar\/index.php\/wp-json\/wp\/v2\/categories?post=11600"},{"taxonomy":"post_tag","embeddable":true,"href":"https:\/\/vocesdebaires.com.ar\/index.php\/wp-json\/wp\/v2\/tags?post=11600"}],"curies":[{"name":"wp","href":"https:\/\/api.w.org\/{rel}","templated":true}]}}