{"id":11608,"date":"2016-12-15T10:15:01","date_gmt":"2016-12-15T13:15:01","guid":{"rendered":"http:\/\/vocesdebaires.com.ar\/wordpress\/index.php\/2016\/12\/15\/el-tenista-pico-monaco-es-personalidad-destacada\/"},"modified":"2016-12-15T10:15:01","modified_gmt":"2016-12-15T13:15:01","slug":"el-tenista-pico-monaco-es-personalidad-destacada","status":"publish","type":"post","link":"https:\/\/vocesdebaires.com.ar\/index.php\/2016\/12\/15\/el-tenista-pico-monaco-es-personalidad-destacada\/","title":{"rendered":"El tenista Pico M\u00f3naco es personalidad destacada"},"content":{"rendered":"<p>Juan \u201cPico\u201d M\u00f3naco, ganador de 9 torneos singles y 3 dobles de la Asociaci\u00f3n de Tenistas Profesionales (ATP), fue proclamado\u00a0 ayer por la tarde \u2013 noche\u00a0 personalidad destacada del Deporte en el Sal\u00f3n Eva Per\u00f3n del Palacio Legislativo.\u00a0 Daniel Presti (PRO), diputado autor de la iniciativa que fue aprobada por unanimidad en la Legislatura, explic\u00f3 que \u201cnosotros celebramos el esfuerzo\u201d y \u201ces muy importante ese ejemplo, esos valores, es lo que decidimos resaltar\u201d, ya que record\u00f3 el\u00a0 sacrificio para convertirse en un gran deportista profesional.<\/p>\n<p>Mariano Zabaleta, ex entrenador de M\u00f3naco y ex jugador de tenis que alcanz\u00f3 el puesto 21 de la ATP, record\u00f3 que lo vio \u201ccrecer en Tandil\u201d, donde ambos nacieron. \u201cFueron muchos a\u00f1os luchando tras un sue\u00f1o que se hizo realidad\u201d y \u201clo que lograste\u201d fue \u201cmuy profesional y sacrificado\u201d.El diputado Christian Bauab (PRO) record\u00f3 que M\u00f3naco \u201ces de Tandil, pero es de todos\u201d, destac\u00f3 que la distinci\u00f3n \u201cfue votado por unanimidad por la generalidad de los bloques\u201d y felicit\u00f3 al tenista.M\u00f3naco, visiblemente inquietado se franque\u00f3: \u201cpens\u00e9 tantas cosas por decir,\u00a0 pero me emocion\u00e9\u201d.<\/p>\n<p>Invadido por la alegr\u00eda expres\u00f3: \u201cson muchas las personas a las que debo agradecer\u201d y manifest\u00f3 que \u201ceste es un reconocimiento igual o mayor a ganar un torneo\u201d.M\u00f3naco reside desde hace m\u00e1s de 18 a\u00f1os en la ciudad, ya que su carrera profesional lo llev\u00f3 a mudarse. En el 2012 se ubic\u00f3 entre los diez mejores tenistas del mundo, un logro al que pocos argentinos han accedido. En 2009 (Copa Davis) y 2015 (ATP de Buenos Aires) perdi\u00f3 los partidos\u00a0 finales contra Rafael Nadal (el espa\u00f1ol es el segundo jugador profesional con m\u00e1s t\u00edtulos \u00abgrandes\u00bb de la historia del tenis). Foto: M\u00f3naco acompa\u00f1ado por su mujer Carolina \u00abPampita\u00bb Ardohain, Bauab y Zabaleta<\/p>\n","protected":false},"excerpt":{"rendered":"<p>Juan \u201cPico\u201d M\u00f3naco, ganador de 9 torneos singles y 3 dobles de la Asociaci\u00f3n de Tenistas Profesionales (ATP), fue proclamado\u00a0 ayer por la tarde \u2013 noche\u00a0 personalidad destacada del Deporte en el Sal\u00f3n Eva Per\u00f3n del Palacio Legislativo.\u00a0 Daniel Presti (PRO), diputado autor de la iniciativa que fue aprobada por unanimidad en la Legislatura, explic\u00f3 [&hellip;]<\/p>\n","protected":false},"author":2,"featured_media":11609,"comment_status":"open","ping_status":"open","sticky":false,"template":"","format":"standard","meta":{"_et_pb_use_builder":"","_et_pb_old_content":"","_et_gb_content_width":"","footnotes":""},"categories":[14,51],"tags":[],"class_list":["post-11608","post","type-post","status-publish","format-standard","has-post-thumbnail","hentry","category-deportes","category-tenis"],"_links":{"self":[{"href":"https:\/\/vocesdebaires.com.ar\/index.php\/wp-json\/wp\/v2\/posts\/11608"}],"collection":[{"href":"https:\/\/vocesdebaires.com.ar\/index.php\/wp-json\/wp\/v2\/posts"}],"about":[{"href":"https:\/\/vocesdebaires.com.ar\/index.php\/wp-json\/wp\/v2\/types\/post"}],"author":[{"embeddable":true,"href":"https:\/\/vocesdebaires.com.ar\/index.php\/wp-json\/wp\/v2\/users\/2"}],"replies":[{"embeddable":true,"href":"https:\/\/vocesdebaires.com.ar\/index.php\/wp-json\/wp\/v2\/comments?post=11608"}],"version-history":[{"count":0,"href":"https:\/\/vocesdebaires.com.ar\/index.php\/wp-json\/wp\/v2\/posts\/11608\/revisions"}],"wp:featuredmedia":[{"embeddable":true,"href":"https:\/\/vocesdebaires.com.ar\/index.php\/wp-json\/wp\/v2\/media\/11609"}],"wp:attachment":[{"href":"https:\/\/vocesdebaires.com.ar\/index.php\/wp-json\/wp\/v2\/media?parent=11608"}],"wp:term":[{"taxonomy":"category","embeddable":true,"href":"https:\/\/vocesdebaires.com.ar\/index.php\/wp-json\/wp\/v2\/categories?post=11608"},{"taxonomy":"post_tag","embeddable":true,"href":"https:\/\/vocesdebaires.com.ar\/index.php\/wp-json\/wp\/v2\/tags?post=11608"}],"curies":[{"name":"wp","href":"https:\/\/api.w.org\/{rel}","templated":true}]}}