{"id":11628,"date":"2016-12-13T11:04:57","date_gmt":"2016-12-13T14:04:57","guid":{"rendered":"http:\/\/vocesdebaires.com.ar\/wordpress\/index.php\/2016\/12\/13\/daia-celebro-el-dia-internacional-de-los-derechos-humanos\/"},"modified":"2016-12-13T11:04:57","modified_gmt":"2016-12-13T14:04:57","slug":"daia-celebro-el-dia-internacional-de-los-derechos-humanos","status":"publish","type":"post","link":"https:\/\/vocesdebaires.com.ar\/index.php\/2016\/12\/13\/daia-celebro-el-dia-internacional-de-los-derechos-humanos\/","title":{"rendered":"DAIA: Celebro el D\u00eda Internacional de los Derechos Humanos"},"content":{"rendered":"<p>La representaci\u00f3n pol\u00edtica de la comunidad jud\u00eda argentina celebro el D\u00eda Internacional de los Derechos Humanos, y hace votos por la profundizaci\u00f3n y extensi\u00f3n de la vigencia de la Declaraci\u00f3n Universal de los Derechos Humanos en todo el mundo.<\/p>\n<p>El 10 de diciembre es una fecha para rememorar la vigencia de los derechos humanos y el deber de los estados de respetarlos en toda circunstancia. Con ese esp\u00edritu, la DAIA reafirma su vocaci\u00f3n de buscar el respeto universal de estos derechos inherentes a todo ser humano, que aportan a las nociones de igualdad y no discriminaci\u00f3n defendidas por la DAIA desde su creaci\u00f3n. Ariel Cohen Sabban\u00a0 El Presidente de la DAIA y el Secretario General\u00a0Santiago Kaplun<\/p><\/p>\n","protected":false},"excerpt":{"rendered":"<p>La representaci\u00f3n pol\u00edtica de la comunidad jud\u00eda argentina celebro el D\u00eda Internacional de los Derechos Humanos, y hace votos por la profundizaci\u00f3n y extensi\u00f3n de la vigencia de la Declaraci\u00f3n Universal de los Derechos Humanos en todo el mundo. El 10 de diciembre es una fecha para rememorar la vigencia de los derechos humanos y [&hellip;]<\/p>\n","protected":false},"author":2,"featured_media":7133,"comment_status":"open","ping_status":"open","sticky":false,"template":"","format":"standard","meta":{"_et_pb_use_builder":"","_et_pb_old_content":"","_et_gb_content_width":"","footnotes":""},"categories":[11,33],"tags":[],"class_list":["post-11628","post","type-post","status-publish","format-standard","has-post-thumbnail","hentry","category-ciudad","category-sociedad-y-cultura-2"],"_links":{"self":[{"href":"https:\/\/vocesdebaires.com.ar\/index.php\/wp-json\/wp\/v2\/posts\/11628"}],"collection":[{"href":"https:\/\/vocesdebaires.com.ar\/index.php\/wp-json\/wp\/v2\/posts"}],"about":[{"href":"https:\/\/vocesdebaires.com.ar\/index.php\/wp-json\/wp\/v2\/types\/post"}],"author":[{"embeddable":true,"href":"https:\/\/vocesdebaires.com.ar\/index.php\/wp-json\/wp\/v2\/users\/2"}],"replies":[{"embeddable":true,"href":"https:\/\/vocesdebaires.com.ar\/index.php\/wp-json\/wp\/v2\/comments?post=11628"}],"version-history":[{"count":0,"href":"https:\/\/vocesdebaires.com.ar\/index.php\/wp-json\/wp\/v2\/posts\/11628\/revisions"}],"wp:featuredmedia":[{"embeddable":true,"href":"https:\/\/vocesdebaires.com.ar\/index.php\/wp-json\/wp\/v2\/media\/7133"}],"wp:attachment":[{"href":"https:\/\/vocesdebaires.com.ar\/index.php\/wp-json\/wp\/v2\/media?parent=11628"}],"wp:term":[{"taxonomy":"category","embeddable":true,"href":"https:\/\/vocesdebaires.com.ar\/index.php\/wp-json\/wp\/v2\/categories?post=11628"},{"taxonomy":"post_tag","embeddable":true,"href":"https:\/\/vocesdebaires.com.ar\/index.php\/wp-json\/wp\/v2\/tags?post=11628"}],"curies":[{"name":"wp","href":"https:\/\/api.w.org\/{rel}","templated":true}]}}