{"id":1163,"date":"2020-08-28T03:00:00","date_gmt":"2020-08-28T06:00:00","guid":{"rendered":"http:\/\/vocesdebaires.com.ar\/wordpress\/index.php\/2020\/08\/28\/zoologico-de-lujan-se-mantendra-cerrado\/"},"modified":"2020-08-28T03:00:00","modified_gmt":"2020-08-28T06:00:00","slug":"zoologico-de-lujan-se-mantendra-cerrado","status":"publish","type":"post","link":"https:\/\/vocesdebaires.com.ar\/index.php\/2020\/08\/28\/zoologico-de-lujan-se-mantendra-cerrado\/","title":{"rendered":"Zool\u00f3gico de Luj\u00e1n se mantendr\u00e1 cerrado"},"content":{"rendered":"<p>El Ministerio de Ambiente y Desarrollo Sostenible de la Naci\u00f3n, resolvi\u00f3 que el zool\u00f3gico de Luj\u00e1n no reanudar\u00e1 sus actividades al p\u00fablico tras la extinci\u00f3n del aislamiento social, preventivo y obligatorio por la actual pandemia por COVID-19, vigente en el distrito donde se encuentra asentado, en funci\u00f3n de no contar con una habilitaci\u00f3n nacional y provincial, requisito indispensable para reanudar sus actividades, adem\u00e1s de otras irregularidades e incumplimientos detectados, en materia de la normativa nacional y provincial que regula la actividad. La medida se lleva a cabo por medio de la Secretar\u00eda de Control y Monitoreo Ambiental, que est\u00e1 a cargo de Sergio Federovisky.<\/p>\n<p>\u201cDado que el zool\u00f3gico de Luj\u00e1n, en la actualidad, carece de habilitaci\u00f3n provincial y nacional, se mantendr\u00e1 cerrado, mientras esto siga de ese modo\u201d, afirm\u00f3 Federovisky. Asimismo, se le exigir\u00e1 al establecimiento desde el Estado nacional, en cumplimiento de la normativa nacional y provincial que regula la actividad, que presente en el lapso de 10 d\u00edas el listado de marcaje y castraci\u00f3n de su plantel faun\u00edstico. Por otro lado, se conminar\u00e1 a que realice la correspondiente inscripci\u00f3n ante la cartera ambiental nacional, seg\u00fan disponen las normas nacionales sobre fauna, requisito que el zool\u00f3gico nunca cumpli\u00f3.<\/p>\n<p>Es por esto que el Ministerio de Ambiente nacional se presentar\u00e1 como querellante ante la justicia, para que se investiguen las reiteradas denuncias de desmanejos en su interior, realizadas en redes sociales, por vecinos de Luj\u00e1n y visitantes, las cuales tambi\u00e9n motivaron, a principios de esta semana, que la Secretar\u00eda de Control y Monitoreo Ambiental fiscalice el recinto.  Cabe recordar que en el mes de febrero, la cartera ambiental nacional, junto con la Municipalidad de Luj\u00e1n y personal de la Polic\u00eda Ecol\u00f3gica de la provincia de Buenos Aires, realiz\u00f3 un procedimiento de fiscalizaci\u00f3n en la instituci\u00f3n, que deriv\u00f3 en la clausura de jaulas de leones, tigres, elefantes y guacamayos, al constatar cerca de 600 situaciones de transgresi\u00f3n \u2014se facilitaba el ingreso de visitantes al interior de las jaulas\u2014 a una clausura preventiva efectuada a mediados de 2019, por incumplimiento de la Ley N\u00b0 12238 de la provincia de Buenos Aires, que establece la prohibici\u00f3n de contacto con la fauna.<\/p>\n","protected":false},"excerpt":{"rendered":"<p>El Ministerio de Ambiente y Desarrollo Sostenible de la Naci\u00f3n, resolvi\u00f3 que el zool\u00f3gico de Luj\u00e1n no reanudar\u00e1 sus actividades al p\u00fablico tras la extinci\u00f3n del aislamiento social, preventivo y obligatorio por la actual pandemia por COVID-19, vigente en el distrito donde se encuentra asentado, en funci\u00f3n de no contar con una habilitaci\u00f3n nacional y [&hellip;]<\/p>\n","protected":false},"author":1,"featured_media":1164,"comment_status":"open","ping_status":"open","sticky":false,"template":"","format":"standard","meta":{"_et_pb_use_builder":"","_et_pb_old_content":"","_et_gb_content_width":"","footnotes":""},"categories":[34,13],"tags":[],"class_list":["post-1163","post","type-post","status-publish","format-standard","has-post-thumbnail","hentry","category-politica","category-provincia"],"_links":{"self":[{"href":"https:\/\/vocesdebaires.com.ar\/index.php\/wp-json\/wp\/v2\/posts\/1163"}],"collection":[{"href":"https:\/\/vocesdebaires.com.ar\/index.php\/wp-json\/wp\/v2\/posts"}],"about":[{"href":"https:\/\/vocesdebaires.com.ar\/index.php\/wp-json\/wp\/v2\/types\/post"}],"author":[{"embeddable":true,"href":"https:\/\/vocesdebaires.com.ar\/index.php\/wp-json\/wp\/v2\/users\/1"}],"replies":[{"embeddable":true,"href":"https:\/\/vocesdebaires.com.ar\/index.php\/wp-json\/wp\/v2\/comments?post=1163"}],"version-history":[{"count":0,"href":"https:\/\/vocesdebaires.com.ar\/index.php\/wp-json\/wp\/v2\/posts\/1163\/revisions"}],"wp:featuredmedia":[{"embeddable":true,"href":"https:\/\/vocesdebaires.com.ar\/index.php\/wp-json\/wp\/v2\/media\/1164"}],"wp:attachment":[{"href":"https:\/\/vocesdebaires.com.ar\/index.php\/wp-json\/wp\/v2\/media?parent=1163"}],"wp:term":[{"taxonomy":"category","embeddable":true,"href":"https:\/\/vocesdebaires.com.ar\/index.php\/wp-json\/wp\/v2\/categories?post=1163"},{"taxonomy":"post_tag","embeddable":true,"href":"https:\/\/vocesdebaires.com.ar\/index.php\/wp-json\/wp\/v2\/tags?post=1163"}],"curies":[{"name":"wp","href":"https:\/\/api.w.org\/{rel}","templated":true}]}}