{"id":1165,"date":"2020-08-28T03:00:00","date_gmt":"2020-08-28T06:00:00","guid":{"rendered":"http:\/\/vocesdebaires.com.ar\/wordpress\/index.php\/2020\/08\/28\/conurbano-instalan-modulo-de-seguridad\/"},"modified":"2020-08-28T03:00:00","modified_gmt":"2020-08-28T06:00:00","slug":"conurbano-instalan-modulo-de-seguridad","status":"publish","type":"post","link":"https:\/\/vocesdebaires.com.ar\/index.php\/2020\/08\/28\/conurbano-instalan-modulo-de-seguridad\/","title":{"rendered":"Conurbano  instalan m\u00f3dulo de seguridad"},"content":{"rendered":"<p>En el marco de reforzar la seguridad en diferentes municipios del conurbano,\u00a0 se vienen instalando garitas y m\u00f3dulos,\u00a0 en los cuales habr\u00e1 presencia policial las 24 hs. En \u00e9sta oportunidad fue en el barrio \u201cKolynos\u201d &#8211; Quilmes oeste. El emplazamiento del m\u00f3dulo, que es un tipo de destacamento-contenedor blindado,\u00a0 se realiz\u00f3 en la intersecci\u00f3n de las calles 394 y Tucum\u00e1n. El personal destinado a \u00e9stos espacios pertenece al grupo especial UTOI\u00a0 \u00a0Unidad T\u00e1ctica de Operaciones Inmediata. Seg\u00fan explic\u00f3 el Comisario Walter Hern\u00e1n Braga, Jefe de la Div. UTOI Sur, por turno habr\u00e1 10 efectivos fijos, m\u00e1s los necesarios para el desplazamiento de 4 motos y dos motocicletas destinados para reforzar la seguridad en la zona.<\/p>\n<p>Esta iniciativa del ministro de Seguridad Sergio Berni, que surge en respuesta a los reclamos de la gente;\u00a0 no s\u00f3lo pretende reforzar la seguridad y evitar el accionar delictivo en los barrios m\u00e1s vulnerables, sino que adem\u00e1s tiene como objeto realizar una tarea de aproximaci\u00f3n y contenci\u00f3n entre el personal policial y los ciudadanos. En la oportunidad se encontraban presentes, el Director General de Participaci\u00f3n Comunitaria de la Secretar\u00eda de Seguridad del municipio de Quilmes, Alejandro De Fazio, el Comisario Cristian Noguera titular de Quilmes 5\u00b0 y el Comisario Walter Braga Jefe del UTOI Sur y el Jefe de Estaci\u00f3n Javier Cusmai.<\/p>\n","protected":false},"excerpt":{"rendered":"<p>En el marco de reforzar la seguridad en diferentes municipios del conurbano,\u00a0 se vienen instalando garitas y m\u00f3dulos,\u00a0 en los cuales habr\u00e1 presencia policial las 24 hs. En \u00e9sta oportunidad fue en el barrio \u201cKolynos\u201d &#8211; Quilmes oeste. El emplazamiento del m\u00f3dulo, que es un tipo de destacamento-contenedor blindado,\u00a0 se realiz\u00f3 en la intersecci\u00f3n de [&hellip;]<\/p>\n","protected":false},"author":1,"featured_media":1166,"comment_status":"open","ping_status":"open","sticky":false,"template":"","format":"standard","meta":{"_et_pb_use_builder":"","_et_pb_old_content":"","_et_gb_content_width":"","footnotes":""},"categories":[34,13],"tags":[],"class_list":["post-1165","post","type-post","status-publish","format-standard","has-post-thumbnail","hentry","category-politica","category-provincia"],"_links":{"self":[{"href":"https:\/\/vocesdebaires.com.ar\/index.php\/wp-json\/wp\/v2\/posts\/1165"}],"collection":[{"href":"https:\/\/vocesdebaires.com.ar\/index.php\/wp-json\/wp\/v2\/posts"}],"about":[{"href":"https:\/\/vocesdebaires.com.ar\/index.php\/wp-json\/wp\/v2\/types\/post"}],"author":[{"embeddable":true,"href":"https:\/\/vocesdebaires.com.ar\/index.php\/wp-json\/wp\/v2\/users\/1"}],"replies":[{"embeddable":true,"href":"https:\/\/vocesdebaires.com.ar\/index.php\/wp-json\/wp\/v2\/comments?post=1165"}],"version-history":[{"count":0,"href":"https:\/\/vocesdebaires.com.ar\/index.php\/wp-json\/wp\/v2\/posts\/1165\/revisions"}],"wp:featuredmedia":[{"embeddable":true,"href":"https:\/\/vocesdebaires.com.ar\/index.php\/wp-json\/wp\/v2\/media\/1166"}],"wp:attachment":[{"href":"https:\/\/vocesdebaires.com.ar\/index.php\/wp-json\/wp\/v2\/media?parent=1165"}],"wp:term":[{"taxonomy":"category","embeddable":true,"href":"https:\/\/vocesdebaires.com.ar\/index.php\/wp-json\/wp\/v2\/categories?post=1165"},{"taxonomy":"post_tag","embeddable":true,"href":"https:\/\/vocesdebaires.com.ar\/index.php\/wp-json\/wp\/v2\/tags?post=1165"}],"curies":[{"name":"wp","href":"https:\/\/api.w.org\/{rel}","templated":true}]}}