{"id":11663,"date":"2016-12-09T14:17:37","date_gmt":"2016-12-09T17:17:37","guid":{"rendered":"http:\/\/vocesdebaires.com.ar\/wordpress\/index.php\/2016\/12\/09\/sancionan-una-ley-para-el-desarrollo-del-autodromo\/"},"modified":"2016-12-09T14:17:37","modified_gmt":"2016-12-09T17:17:37","slug":"sancionan-una-ley-para-el-desarrollo-del-autodromo","status":"publish","type":"post","link":"https:\/\/vocesdebaires.com.ar\/index.php\/2016\/12\/09\/sancionan-una-ley-para-el-desarrollo-del-autodromo\/","title":{"rendered":"Sancionan una ley para el desarrollo del Aut\u00f3dromo"},"content":{"rendered":"<p>La Legislatura dio\u00a0 aprobaci\u00f3n definitiva a la ley que permitir\u00e1 mejorar el estado actual del tradicional circuito del barrio de Villa Lugano, y establece para la puesta en valor del Aut\u00f3dromo, un plan integral deportivo y comercial. Cabe destacar que el pasado 2 de diciembre se celebr\u00f3 una audiencia p\u00fablica con amplio respaldo a la propuesta de parte de vecinos y ex pilotos de carreras.La iniciativa del Poder Ejecutivo busca reposicionar al Aut\u00f3dromo como escenario principal del automovilismo y motociclismo nacional, convirti\u00e9ndolo en sede de eventos de primer nivel mundial mediante su recuperaci\u00f3n edilicia y de infraestructura.<\/p>\n<p>Pretende instalar en el predio establecimientos de formaci\u00f3n, capacitaci\u00f3n, prueba y experimentaci\u00f3n relacionados con el automovilismo, la educaci\u00f3n y seguridad vial, tendientes a la prevenci\u00f3n de los accidentes. Adem\u00e1s, habilita el funcionamiento comercial de agencias de turismo, empresas de alimentaci\u00f3n en general, bares, bancos, playas de estacionamiento, estaci\u00f3n de servicio, entre otras.En el marco del plan integral, y en vistas de promover el automovilismo como segundo deporte m\u00e1s difundido del territorio federal, el actual predio del Aut\u00f3dromo sito en el tejido de la zona sur de la Ciudad desarrollar\u00e1 internamente dos sectores: una \u201cZona Deportiva\u201d y una \u201cZona No Deportiva\u201d.<\/p>\n<p>La deportiva se ubicar\u00e1 sobre el diagrama actual de la pista del Aut\u00f3dromo a los efectos de optimizar el \u00e1rea donde se desarrollen las competencias. En tanto, la no deportiva se ubicar\u00e1 principalmente sobre el frente de la avenida Roca. Dentro de la misma se promover\u00e1 la radicaci\u00f3n de peque\u00f1os y medianos comercios relacionados con el automovilismo, el motociclismo y otras actividades conexas. Se crear\u00e1 un fideicomiso a 25 a\u00f1os para dar cumplimiento al plan integral, que otorgar\u00e1 beneficios fiscales a sus aportantes. El fideicomiso permite \u00abel ingreso de privados que garanticen el financiamiento del proyecto, acotando el impacto presupuestario y sin que ello signifique perder las facultades de control y orientaci\u00f3n del proceso integral\u00bb.<\/p>\n<p>El proyecto explica que \u00ablas carreras de autom\u00f3viles, motocicletas y kartings a desarrollarse en el \u00e1mbito de la Ciudad Aut\u00f3noma de Buenos Aires durante el plazo de vigencia del Fideicomiso, tendr\u00e1n lugar exclusivamente en el Aut\u00f3dromo, con excepci\u00f3n de aquellos casos en los que, por exigencias propias de las categor\u00edas, fuere necesaria la utilizaci\u00f3n de otros circuitos p\u00fablicos o privados\u00bb. Adem\u00e1s ser\u00e1 requisito de esta ley la construcci\u00f3n de un establecimiento educativo de gesti\u00f3n estatal, donde se reubicar\u00e1 la Escuela Jorge Newbery de jornada completa, actualmente emplazada en el predio del Aut\u00f3dromo. Deber\u00e1 estar dentro de la misma Comuna 8 y construirse en un plazo menor a los 2 a\u00f1os.<\/p>\n<p>El proyecto establece que deber\u00e1n preservarse las fuentes laborales existentes y la creaci\u00f3n de una bolsa de trabajo integrada por postulantes con domicilio real en la Comunas 8 y 9, quienes tendr\u00e1n prioridad para ocupar los empleos que se generen con motivo del desarrollo del Plan Integral. Contempla un cambio en el C\u00f3digo de Planeamiento Urbano a los fines de incluir en el \u00abDistrito E4 &#8211; 52 Aut\u00f3dromo de la Ciudad de Buenos Aires, Oscar y Juan G\u00e1lvez\u00bb, los usos necesarios para el cumplimiento del mencionado plan integral. Con esta modificaci\u00f3n se otorga protecci\u00f3n al Lago de Regatas, prohibiendo alterar su costa por obras o acciones que degraden su condici\u00f3n y se habilita tambi\u00e9n la posible construcci\u00f3n de un helipuerto. La iniciativa que fue analizada en las comisiones de Planeamiento Urbano, de Desarrollo Econ\u00f3mico, Mercosur y Pol\u00edticas de Empleo, y de Presupuesto y Hacienda, fue aprobada con 40 votos positivos (PRO, FpV), 11 negativos (CC, BP, PSA, SP, FIT, AYL) y 6 abstenciones (Suma+).  Como miembro informante del oficialismo, el diputado Francisco Quintana expres\u00f3 que \u00abse busca recuperar el Aut\u00f3dromo en materia de infraestructura e integrarlo al barrio permitiendo el desarrollo econ\u00f3mico de las Comunas 8 y 9\u00bb. Adem\u00e1s se manifestaron los diputados Adri\u00e1n Camps (PSA), Fernando Vilardo (AYL), Francisco Nosiglia (Suma+), Gabriel Fuks (CNM), Paula Oliveto Lago (CC), Jos\u00e9 Campagnoli (FpV), Laura Marrone (FIT), Mar\u00eda Rosa Mui\u00f1os (BP) y Agust\u00edn Forchieri (PRO).<\/p>\n","protected":false},"excerpt":{"rendered":"<p>La Legislatura dio\u00a0 aprobaci\u00f3n definitiva a la ley que permitir\u00e1 mejorar el estado actual del tradicional circuito del barrio de Villa Lugano, y establece para la puesta en valor del Aut\u00f3dromo, un plan integral deportivo y comercial. Cabe destacar que el pasado 2 de diciembre se celebr\u00f3 una audiencia p\u00fablica con amplio respaldo a la [&hellip;]<\/p>\n","protected":false},"author":2,"featured_media":11664,"comment_status":"open","ping_status":"open","sticky":false,"template":"","format":"standard","meta":{"_et_pb_use_builder":"","_et_pb_old_content":"","_et_gb_content_width":"","footnotes":""},"categories":[11,32],"tags":[],"class_list":["post-11663","post","type-post","status-publish","format-standard","has-post-thumbnail","hentry","category-ciudad","category-comunas"],"_links":{"self":[{"href":"https:\/\/vocesdebaires.com.ar\/index.php\/wp-json\/wp\/v2\/posts\/11663"}],"collection":[{"href":"https:\/\/vocesdebaires.com.ar\/index.php\/wp-json\/wp\/v2\/posts"}],"about":[{"href":"https:\/\/vocesdebaires.com.ar\/index.php\/wp-json\/wp\/v2\/types\/post"}],"author":[{"embeddable":true,"href":"https:\/\/vocesdebaires.com.ar\/index.php\/wp-json\/wp\/v2\/users\/2"}],"replies":[{"embeddable":true,"href":"https:\/\/vocesdebaires.com.ar\/index.php\/wp-json\/wp\/v2\/comments?post=11663"}],"version-history":[{"count":0,"href":"https:\/\/vocesdebaires.com.ar\/index.php\/wp-json\/wp\/v2\/posts\/11663\/revisions"}],"wp:featuredmedia":[{"embeddable":true,"href":"https:\/\/vocesdebaires.com.ar\/index.php\/wp-json\/wp\/v2\/media\/11664"}],"wp:attachment":[{"href":"https:\/\/vocesdebaires.com.ar\/index.php\/wp-json\/wp\/v2\/media?parent=11663"}],"wp:term":[{"taxonomy":"category","embeddable":true,"href":"https:\/\/vocesdebaires.com.ar\/index.php\/wp-json\/wp\/v2\/categories?post=11663"},{"taxonomy":"post_tag","embeddable":true,"href":"https:\/\/vocesdebaires.com.ar\/index.php\/wp-json\/wp\/v2\/tags?post=11663"}],"curies":[{"name":"wp","href":"https:\/\/api.w.org\/{rel}","templated":true}]}}