{"id":1167,"date":"2020-08-27T03:00:00","date_gmt":"2020-08-27T06:00:00","guid":{"rendered":"http:\/\/vocesdebaires.com.ar\/wordpress\/index.php\/2020\/08\/27\/campana-creada-por-vecinos-en-barrio-popular\/"},"modified":"2020-08-27T03:00:00","modified_gmt":"2020-08-27T06:00:00","slug":"campana-creada-por-vecinos-en-barrio-popular","status":"publish","type":"post","link":"https:\/\/vocesdebaires.com.ar\/index.php\/2020\/08\/27\/campana-creada-por-vecinos-en-barrio-popular\/","title":{"rendered":"Campa\u00f1a creada por vecinos en barrio popular"},"content":{"rendered":"<p>Con esta iniciativa lanzada en el marco de la pandemia, se busca concientizar a los vecinos del barrio 15 &#8211; Ciudad Oculta en Villa Lugano, donde viven alrededor de 20.000 personas. La campa\u00f1a cuenta con una novedad: fue creada por los mismos vecinos del barrio. El Ministerio de Desarrollo Humano y H\u00e1bitat lanz\u00f3 por primera vez una campa\u00f1a de concientizaci\u00f3n creada por los mismos vecinos de un barrio popular. #Rescatate, comenz\u00f3 esta semana en el Barrio 15 &#8211; Ciudad Oculta, en Villa Lugano, y busca difundir las medidas de prevenci\u00f3n del coronavirus de manera cercana con los vecinos y las vecinas del barrio.<\/p>\n<p>Lo singular de la campa\u00f1a es que su creaci\u00f3n fue con una modalidad participativa. Un equipo de j\u00f3venes del barrio junto al equipo de comunicaci\u00f3n del Ministerio trabajaron en conjunto en todo el proceso. Se conformaron diferentes mesas barriales donde todos los integrantes fueron part\u00edcipes clave para elaborar la estrategia, los mensajes y la est\u00e9tica de la campa\u00f1a.\u00a0 \u201cHoy m\u00e1s que nunca necesitamos que el Estado llegue a todos los barrios de la Ciudad para acercar las herramientas de concientizaci\u00f3n y podamos estar presentes en este contexto. Es un gran logro ver c\u00f3mo podemos trabajar de manera integrada con los mismos vecinos del barrio acciones como la campa\u00f1a #RESCATATE que tienen un mismo objetivo: Cuidarnos entre todos\u201d, dijo Mar\u00eda Migliore, Ministra de Desarrollo Humano y H\u00e1bitat de la Ciudad.<\/p>\n<p>En el proceso creativo surgi\u00f3 el uso de la palabra #RESCATATE. La b\u00fasqueda tuvo que ver con encontrar una palabra que tenga que ver con los c\u00f3digos cotidianos del barrio y que logre interpelar a los vecinos con un significado propio. \u201cRescatate es como un llamador a la toma de conciencia\u201d, aseguran los vecinos. El arte tambi\u00e9n form\u00f3 parte de la campa\u00f1a y gracias a la recomendaci\u00f3n de los vecinos y vecinas de la mesa surgi\u00f3 el nombre de Federico, un m\u00fasico freestyler que cre\u00f3 rimas para recordarle al barrio que, \u201csi queremos volver a encontrarnos, tenemos que hacer un esfuerzo m\u00e1s y no aflojar ahora\u201d.Mar\u00eda Migliore, por su parte, sostuvo: \u201cLo m\u00e1s lindo para el barrio es que en este proceso de integraci\u00f3n, se sumaron todos los interlocutores locales.<\/p>\n<p>De la misma manera que lo hicimos en los procesos de urbanizaci\u00f3n que venimos llevando adelante con los vecinos desde hace m\u00e1s de 4 a\u00f1os en la Ciudad\u201d, concluy\u00f3 Migliore. De las reuniones con los vecinos y vecinas surgi\u00f3 que el mensaje con mayor recordaci\u00f3n por parte del barrio era el altoparlante o meg\u00e1fono que desde el comienzo de la cuarentena circula diariamente en los barrios. Por eso, #Rescatate, incorpora a una de las voces m\u00e1s reconocidas del barrio: la del Padre Tonga, el querido y reconocido cura villero del barrio que invita a las vecinos y vecinos a: \u201cponerse el tapabocas, respetar el distanciamiento social, lavarse las manos y quedarse en casa\u201d. La campa\u00f1a, adem\u00e1s, incluye afiches de v\u00eda p\u00fablica, stickers, audios y flyers que se entregar\u00e1n en los comedores barriales y distintos comercios.<\/p>\n","protected":false},"excerpt":{"rendered":"<p>Con esta iniciativa lanzada en el marco de la pandemia, se busca concientizar a los vecinos del barrio 15 &#8211; Ciudad Oculta en Villa Lugano, donde viven alrededor de 20.000 personas. La campa\u00f1a cuenta con una novedad: fue creada por los mismos vecinos del barrio. El Ministerio de Desarrollo Humano y H\u00e1bitat lanz\u00f3 por primera [&hellip;]<\/p>\n","protected":false},"author":1,"featured_media":1168,"comment_status":"open","ping_status":"open","sticky":false,"template":"","format":"standard","meta":{"_et_pb_use_builder":"","_et_pb_old_content":"","_et_gb_content_width":"","footnotes":""},"categories":[11,32],"tags":[],"class_list":["post-1167","post","type-post","status-publish","format-standard","has-post-thumbnail","hentry","category-ciudad","category-comunas"],"_links":{"self":[{"href":"https:\/\/vocesdebaires.com.ar\/index.php\/wp-json\/wp\/v2\/posts\/1167"}],"collection":[{"href":"https:\/\/vocesdebaires.com.ar\/index.php\/wp-json\/wp\/v2\/posts"}],"about":[{"href":"https:\/\/vocesdebaires.com.ar\/index.php\/wp-json\/wp\/v2\/types\/post"}],"author":[{"embeddable":true,"href":"https:\/\/vocesdebaires.com.ar\/index.php\/wp-json\/wp\/v2\/users\/1"}],"replies":[{"embeddable":true,"href":"https:\/\/vocesdebaires.com.ar\/index.php\/wp-json\/wp\/v2\/comments?post=1167"}],"version-history":[{"count":0,"href":"https:\/\/vocesdebaires.com.ar\/index.php\/wp-json\/wp\/v2\/posts\/1167\/revisions"}],"wp:featuredmedia":[{"embeddable":true,"href":"https:\/\/vocesdebaires.com.ar\/index.php\/wp-json\/wp\/v2\/media\/1168"}],"wp:attachment":[{"href":"https:\/\/vocesdebaires.com.ar\/index.php\/wp-json\/wp\/v2\/media?parent=1167"}],"wp:term":[{"taxonomy":"category","embeddable":true,"href":"https:\/\/vocesdebaires.com.ar\/index.php\/wp-json\/wp\/v2\/categories?post=1167"},{"taxonomy":"post_tag","embeddable":true,"href":"https:\/\/vocesdebaires.com.ar\/index.php\/wp-json\/wp\/v2\/tags?post=1167"}],"curies":[{"name":"wp","href":"https:\/\/api.w.org\/{rel}","templated":true}]}}