{"id":1169,"date":"2020-08-27T03:00:00","date_gmt":"2020-08-27T06:00:00","guid":{"rendered":"http:\/\/vocesdebaires.com.ar\/wordpress\/index.php\/2020\/08\/27\/ciudad-detuvo-a-ladron-de-motos-menor-de-edad\/"},"modified":"2020-08-27T03:00:00","modified_gmt":"2020-08-27T06:00:00","slug":"ciudad-detuvo-a-ladron-de-motos-menor-de-edad","status":"publish","type":"post","link":"https:\/\/vocesdebaires.com.ar\/index.php\/2020\/08\/27\/ciudad-detuvo-a-ladron-de-motos-menor-de-edad\/","title":{"rendered":"Ciudad detuvo a ladr\u00f3n de motos menor de edad"},"content":{"rendered":"<p>Todo ocurri\u00f3 cuando en los \u00faltimos d\u00edas cuando efectivos de la Comisar\u00eda Comunal 5 realizaban un patrullaje en la intersecci\u00f3n de las calles Carlos Calvo y Treinta y Tres Orientales, en Boedo, y observaron una moto marca Corven Triax 150, cuyo conductor no usaba casco y adem\u00e1s hab\u00eda ignorado las se\u00f1ales lum\u00ednicas que le indicaban que se detenga. Ante esta situaci\u00f3n, el sospechoso intent\u00f3 escapar, pero fue capturado en Castro Barros al 500, en Almagro.<\/p>\n<p>El conductor, un menor de 16 a\u00f1os domiciliado en Lan\u00fas Oeste, no ten\u00eda los documentos del veh\u00edculo, el cual contaba con los cables violentados y empalmados. Adem\u00e1s, entre sus pertenencias, el imputado pose\u00eda un cuchillo y un destornillador, elementos que utilizaba para arrancar los rodados y cometer los il\u00edcitos. Al consultar sus antecedentes, se verific\u00f3 que cuenta con un frondoso prontuario por causas de robo de motos, hurto y encubrimiento, en 2019 y 2020, ingresando varias veces al Instituto de detenci\u00f3n de menores Inchausti. En la causa intervino el Juzgado Nacional de Menores N\u00famero 2, Secretar\u00eda N\u00famero 4 de la doctora Sullivan.<\/p>\n","protected":false},"excerpt":{"rendered":"<p>Todo ocurri\u00f3 cuando en los \u00faltimos d\u00edas cuando efectivos de la Comisar\u00eda Comunal 5 realizaban un patrullaje en la intersecci\u00f3n de las calles Carlos Calvo y Treinta y Tres Orientales, en Boedo, y observaron una moto marca Corven Triax 150, cuyo conductor no usaba casco y adem\u00e1s hab\u00eda ignorado las se\u00f1ales lum\u00ednicas que le indicaban [&hellip;]<\/p>\n","protected":false},"author":1,"featured_media":525,"comment_status":"open","ping_status":"open","sticky":false,"template":"","format":"standard","meta":{"_et_pb_use_builder":"","_et_pb_old_content":"","_et_gb_content_width":"","footnotes":""},"categories":[11,32],"tags":[],"class_list":["post-1169","post","type-post","status-publish","format-standard","has-post-thumbnail","hentry","category-ciudad","category-comunas"],"_links":{"self":[{"href":"https:\/\/vocesdebaires.com.ar\/index.php\/wp-json\/wp\/v2\/posts\/1169"}],"collection":[{"href":"https:\/\/vocesdebaires.com.ar\/index.php\/wp-json\/wp\/v2\/posts"}],"about":[{"href":"https:\/\/vocesdebaires.com.ar\/index.php\/wp-json\/wp\/v2\/types\/post"}],"author":[{"embeddable":true,"href":"https:\/\/vocesdebaires.com.ar\/index.php\/wp-json\/wp\/v2\/users\/1"}],"replies":[{"embeddable":true,"href":"https:\/\/vocesdebaires.com.ar\/index.php\/wp-json\/wp\/v2\/comments?post=1169"}],"version-history":[{"count":0,"href":"https:\/\/vocesdebaires.com.ar\/index.php\/wp-json\/wp\/v2\/posts\/1169\/revisions"}],"wp:featuredmedia":[{"embeddable":true,"href":"https:\/\/vocesdebaires.com.ar\/index.php\/wp-json\/wp\/v2\/media\/525"}],"wp:attachment":[{"href":"https:\/\/vocesdebaires.com.ar\/index.php\/wp-json\/wp\/v2\/media?parent=1169"}],"wp:term":[{"taxonomy":"category","embeddable":true,"href":"https:\/\/vocesdebaires.com.ar\/index.php\/wp-json\/wp\/v2\/categories?post=1169"},{"taxonomy":"post_tag","embeddable":true,"href":"https:\/\/vocesdebaires.com.ar\/index.php\/wp-json\/wp\/v2\/tags?post=1169"}],"curies":[{"name":"wp","href":"https:\/\/api.w.org\/{rel}","templated":true}]}}