{"id":1174,"date":"2020-08-27T03:00:00","date_gmt":"2020-08-27T06:00:00","guid":{"rendered":"http:\/\/vocesdebaires.com.ar\/wordpress\/index.php\/2020\/08\/27\/notebooks-para-alumnos-para-educacion-a-distancia\/"},"modified":"2020-08-27T03:00:00","modified_gmt":"2020-08-27T06:00:00","slug":"notebooks-para-alumnos-para-educacion-a-distancia","status":"publish","type":"post","link":"https:\/\/vocesdebaires.com.ar\/index.php\/2020\/08\/27\/notebooks-para-alumnos-para-educacion-a-distancia\/","title":{"rendered":"Notebooks para alumnos para educaci\u00f3n a distancia"},"content":{"rendered":"<p>El legislador Santiago Roberto (Frente de Todos) present\u00f3 un proyecto de ley para que el Gobierno de la Ciudad le entregue a los alumnos y alumnas de escuelas p\u00fablicas, que no dispongan de computadoras, el equipamiento necesario para poder continuar con la educaci\u00f3n a distancia, en el marco de la pandemia. En este sentido, Roberto propone que para financiar la compra de los dispositivos tecnol\u00f3gicos se utilicen los recursos que el Ejecutivo porte\u00f1o ten\u00eda previsto erogar este a\u00f1o por 379 millones de pesos en concepto de pagos de intereses por t\u00edtulos propios y que no fueron usados. \u00c9l legislador se\u00f1al\u00f3 que la pandemia del Coronavirus desnud\u00f3 la desigualdad e inequidad que existe en el sistema educativo.<\/p>\n<p>\u201cEn este contexto, la denominada brecha digital se ha ensanchado y ha dejado al descubierto\u00a0 la falta de equipos y de conectividad que afecta a muchos alumnos y alumnas, principalmente a quienes viven en los barrios vulnerables\u201d, remarc\u00f3 Roberto. No es la primera vez que el legislador presenta iniciativas para saldar la brecha digital. El diputado propuso crear el programa \u00abReconectar para la Educaci\u00f3n a Distancia (RED)\u00bb, para poder garantizar el acceso gratuito a internet a los alumnos de todos los niveles y modalidades de educaci\u00f3n p\u00fablica de la Ciudad, a trav\u00e9s de la entrega de una tarjeta SIM de telefon\u00eda celular con tecnolog\u00eda 4G, precargada con 5Gb de capacidad de transmisi\u00f3n\/recepci\u00f3n de datos por mes.<\/p>\n<p>Para finalizar, Roberto, que es integrante de la comisi\u00f3n de educaci\u00f3n, expres\u00f3: \u00bb La propuesta de Larreta de abrir las escuelas para los que no tienen computadoras y conexi\u00f3n implica lisa y llanamente exponer a los alumnos m\u00e1s vulnerables al contagio del coronavirus\u00bb- y agreg\u00f3- \u00bb Por eso, proponemos que en lugar de abrir los espacios digitales como ellos los denominan, ser\u00eda mejor que brinden las herramientas necesarias para cerrar la brecha digital que cada d\u00eda es m\u00e1s grande\u00bb. Son co autores del proyecto de ley los legisladores del Frente de Todos: Mat\u00edas Barroetave\u00f1a y Mar\u00eda Rosa Mui\u00f1os <a><\/a><\/p>\n","protected":false},"excerpt":{"rendered":"<p>El legislador Santiago Roberto (Frente de Todos) present\u00f3 un proyecto de ley para que el Gobierno de la Ciudad le entregue a los alumnos y alumnas de escuelas p\u00fablicas, que no dispongan de computadoras, el equipamiento necesario para poder continuar con la educaci\u00f3n a distancia, en el marco de la pandemia. En este sentido, Roberto [&hellip;]<\/p>\n","protected":false},"author":1,"featured_media":1175,"comment_status":"open","ping_status":"open","sticky":false,"template":"","format":"standard","meta":{"_et_pb_use_builder":"","_et_pb_old_content":"","_et_gb_content_width":"","footnotes":""},"categories":[11,33],"tags":[],"class_list":["post-1174","post","type-post","status-publish","format-standard","has-post-thumbnail","hentry","category-ciudad","category-sociedad-y-cultura-2"],"_links":{"self":[{"href":"https:\/\/vocesdebaires.com.ar\/index.php\/wp-json\/wp\/v2\/posts\/1174"}],"collection":[{"href":"https:\/\/vocesdebaires.com.ar\/index.php\/wp-json\/wp\/v2\/posts"}],"about":[{"href":"https:\/\/vocesdebaires.com.ar\/index.php\/wp-json\/wp\/v2\/types\/post"}],"author":[{"embeddable":true,"href":"https:\/\/vocesdebaires.com.ar\/index.php\/wp-json\/wp\/v2\/users\/1"}],"replies":[{"embeddable":true,"href":"https:\/\/vocesdebaires.com.ar\/index.php\/wp-json\/wp\/v2\/comments?post=1174"}],"version-history":[{"count":0,"href":"https:\/\/vocesdebaires.com.ar\/index.php\/wp-json\/wp\/v2\/posts\/1174\/revisions"}],"wp:featuredmedia":[{"embeddable":true,"href":"https:\/\/vocesdebaires.com.ar\/index.php\/wp-json\/wp\/v2\/media\/1175"}],"wp:attachment":[{"href":"https:\/\/vocesdebaires.com.ar\/index.php\/wp-json\/wp\/v2\/media?parent=1174"}],"wp:term":[{"taxonomy":"category","embeddable":true,"href":"https:\/\/vocesdebaires.com.ar\/index.php\/wp-json\/wp\/v2\/categories?post=1174"},{"taxonomy":"post_tag","embeddable":true,"href":"https:\/\/vocesdebaires.com.ar\/index.php\/wp-json\/wp\/v2\/tags?post=1174"}],"curies":[{"name":"wp","href":"https:\/\/api.w.org\/{rel}","templated":true}]}}