{"id":11768,"date":"2016-05-19T12:27:30","date_gmt":"2016-05-19T15:27:30","guid":{"rendered":"http:\/\/vocesdebaires.com.ar\/wordpress\/index.php\/2016\/05\/19\/anticipo-trataran-autorizaciones-al-poder-ejecutivo\/"},"modified":"2016-05-19T12:27:30","modified_gmt":"2016-05-19T15:27:30","slug":"anticipo-trataran-autorizaciones-al-poder-ejecutivo","status":"publish","type":"post","link":"https:\/\/vocesdebaires.com.ar\/index.php\/2016\/05\/19\/anticipo-trataran-autorizaciones-al-poder-ejecutivo\/","title":{"rendered":"Anticipo: Tratar\u00e1n autorizaciones al Poder Ejecutivo"},"content":{"rendered":"<p>\u00a0<br \/>\nLas autorizaciones al Poder Ejecutivo de la ciudad de Buenos Aires a fin de que llame a licitaci\u00f3n p\u00fablica para la renovaci\u00f3n de la \u00abPlaza Dr. Bernardo A. Houssay\u00bb, as\u00ed como para concesionar el uso y explotaci\u00f3n de un predio lindero a Parque Thays y adem\u00e1s, para que contraiga empr\u00e9stitos para obras de revitalizaci\u00f3n de la Comuna 8 con motivo de los \u00abJuegos Ol\u00edmpicos de la Juventud 2018\u00bb, tendr\u00e1n un tratamiento preferencial en la Legislatura porte\u00f1a durante la sesi\u00f3n convocada para ma\u00f1ana jueves a las 11 horas.<br \/>\nCon discursos se debatir\u00e1 el despacho conjunto de las comisiones de Obras y Servicios P\u00fablicos que preside Diego de Garc\u00eda Vilas(PRO) y de Presupuesto encabezada por Alejandro Garc\u00eda (PRO) que propone autorizar al Ejecutivo que realice el llamado a licitaci\u00f3n p\u00fablica para el dise\u00f1o, construcci\u00f3n, mantenimiento, administraci\u00f3n y explotaci\u00f3n del Centro cultural, gastron\u00f3mico y playa de estacionamiento \u00abPlaza Dr. Bernardo A. Houssay\u00bb, situada entre las facultades de Medicina y de Ciencias Econ\u00f3micas de la UBA. Un despacho de minor\u00eda, firmado por el diputado Gustavo Vera (BC) propone el archivo.<br \/>\nEl proyecto de ley que tiene aprobaci\u00f3n inicial y el 30 de marzo pas\u00f3 por Audiencia P\u00fablica, establece en 30 a\u00f1os el plazo m\u00e1ximo de concesi\u00f3n. Adem\u00e1s, los pliegos de bases y condiciones deber\u00edan contemplar el mejoramiento del entorno de la plaza, dotando al espacio de una mayor calidad ambiental y variedad de usos, mejorando la interacci\u00f3n social, el fomento del desarrollo barrial, social, ambiental y cultural. El programa arquitect\u00f3nico pretende la modificaci\u00f3n y restauraci\u00f3n del subsuelo de la plaza en todos sus niveles, vincul\u00e1ndolo con el nivel cero e interviniendo en los ejes viales en torno a las facultades universitarias. Tambi\u00e9n contempla permitir la conexi\u00f3n subterr\u00e1nea de ambas sedes, entre otros objetivos.<br \/>\nPor otra parte, tambi\u00e9n con discursos ser\u00e1 tratado el proyecto de ley enviado por el Jefe de Gobierno Horacio Rodr\u00edguez Larreta, que pide autorizaci\u00f3n para endeudarse por hasta 160 millones de d\u00f3lares o su equivalente en pesos u otras monedas, a fin de realizar obras de infraestructura en la Comuna 8, destinadas inicialmente a los Juegos Ol\u00edmpicos de la Juventud 2018 pero que luego cubrir\u00e1n necesidades habitacionales. Sobre las bancas habr\u00e1 por parte de la Comisi\u00f3n de Presupuesto un despacho de mayor\u00eda y uno de minor\u00eda, en este caso presentado por el diputado Gustavo Vera (BC) proponiendo el archivo.Ambas autorizaciones para que resulten aprobadas, reglamentariamente exigen 40 votos positivos de acuerdo al art\u00edculo 82 inciso 5 de la Constituci\u00f3n local.<br \/>\nLa tercera preferencia, que ser\u00e1 sin discursos, es tambi\u00e9n un despacho de la Comisi\u00f3n de Presupuesto elevando al pleno un proyecto de ley que tiene aprobaci\u00f3n inicial y fue considerado en Audiencia P\u00fablica el 30 de marzo \u00faltimo, autorizando al Poder Ejecutivo a concesionar el uso de explotaci\u00f3n del predio delimitado entre el Parque Thays y la Plaza \u00abRep\u00fablica Federativa de Brasil\u00bb, donde se ubicar\u00e1 el denominado \u00abCentro de Exposiciones y Convenciones de la Ciudad Aut\u00f3noma de Buenos Aires\u00bb, por un plazo de hasta 30 a\u00f1os. La aprobaci\u00f3n definitiva requiere 40 votos. El plan de labor fue acordado esta tarde durante una reuni\u00f3n que en el recinto presidi\u00f3 la Vicepresidente Primera del Cuerpo legislativo, diputada Carmen Polledo (PRO).<\/p>\n","protected":false},"excerpt":{"rendered":"<p>\u00a0 Las autorizaciones al Poder Ejecutivo de la ciudad de Buenos Aires a fin de que llame a licitaci\u00f3n p\u00fablica para la renovaci\u00f3n de la \u00abPlaza Dr. Bernardo A. Houssay\u00bb, as\u00ed como para concesionar el uso y explotaci\u00f3n de un predio lindero a Parque Thays y adem\u00e1s, para que contraiga empr\u00e9stitos para obras de revitalizaci\u00f3n [&hellip;]<\/p>\n","protected":false},"author":2,"featured_media":9473,"comment_status":"open","ping_status":"open","sticky":false,"template":"","format":"standard","meta":{"_et_pb_use_builder":"","_et_pb_old_content":"","_et_gb_content_width":"","footnotes":""},"categories":[11,33],"tags":[],"class_list":["post-11768","post","type-post","status-publish","format-standard","has-post-thumbnail","hentry","category-ciudad","category-sociedad-y-cultura-2"],"_links":{"self":[{"href":"https:\/\/vocesdebaires.com.ar\/index.php\/wp-json\/wp\/v2\/posts\/11768"}],"collection":[{"href":"https:\/\/vocesdebaires.com.ar\/index.php\/wp-json\/wp\/v2\/posts"}],"about":[{"href":"https:\/\/vocesdebaires.com.ar\/index.php\/wp-json\/wp\/v2\/types\/post"}],"author":[{"embeddable":true,"href":"https:\/\/vocesdebaires.com.ar\/index.php\/wp-json\/wp\/v2\/users\/2"}],"replies":[{"embeddable":true,"href":"https:\/\/vocesdebaires.com.ar\/index.php\/wp-json\/wp\/v2\/comments?post=11768"}],"version-history":[{"count":0,"href":"https:\/\/vocesdebaires.com.ar\/index.php\/wp-json\/wp\/v2\/posts\/11768\/revisions"}],"wp:featuredmedia":[{"embeddable":true,"href":"https:\/\/vocesdebaires.com.ar\/index.php\/wp-json\/wp\/v2\/media\/9473"}],"wp:attachment":[{"href":"https:\/\/vocesdebaires.com.ar\/index.php\/wp-json\/wp\/v2\/media?parent=11768"}],"wp:term":[{"taxonomy":"category","embeddable":true,"href":"https:\/\/vocesdebaires.com.ar\/index.php\/wp-json\/wp\/v2\/categories?post=11768"},{"taxonomy":"post_tag","embeddable":true,"href":"https:\/\/vocesdebaires.com.ar\/index.php\/wp-json\/wp\/v2\/tags?post=11768"}],"curies":[{"name":"wp","href":"https:\/\/api.w.org\/{rel}","templated":true}]}}