{"id":11796,"date":"2016-05-16T13:13:13","date_gmt":"2016-05-16T16:13:13","guid":{"rendered":"http:\/\/vocesdebaires.com.ar\/wordpress\/index.php\/2016\/05\/16\/la-obra-de-azurduy-ya-luce-en-mal-estado\/"},"modified":"2016-05-16T13:13:13","modified_gmt":"2016-05-16T16:13:13","slug":"la-obra-de-azurduy-ya-luce-en-mal-estado","status":"publish","type":"post","link":"https:\/\/vocesdebaires.com.ar\/index.php\/2016\/05\/16\/la-obra-de-azurduy-ya-luce-en-mal-estado\/","title":{"rendered":"La obra de Azurduy ya luce en mal estado"},"content":{"rendered":"<p>La estatua a Juana Azurduy que reemplaz\u00f3 a la de Crist\u00f3bal Col\u00f3n en la plaza que est\u00e1 detr\u00e1s de la Casa Rosada y que fue objeto de pol\u00e9mica entre los gobiernos nacional y porte\u00f1o durante las gestiones anteriores luce, en la actualidad, bastante deteriorada, cuando a\u00fan no cumple un a\u00f1o desde su inauguraci\u00f3n.<br \/>\nLa Comisi\u00f3n Nacional de Museos y de Monumentos y lugares hist\u00f3ricos realiz\u00f3 un estudio pormenorizado que muestra fallas en los ensambles y en la estructura que sostiene la escultura de 25 toneladas de peso y de 9 metros de altura. Su creador, el artista pl\u00e1stico Andr\u00e9s Zerneri, explic\u00f3: \u201cEs que, justamente, la escultura no est\u00e1 terminada, no habr\u00eda que juzgarla como algo mal hecho sino como algo que est\u00e1 incompleto\u201d.<br \/>\nHierros que atraviesan el bronce produciendo corrosi\u00f3n y degradaci\u00f3n, presencia de diferentes materiales como si no estuviera acabado, manchas oscuras y estructura agujereada son algunos de los problemas que presenta el monumento, donado por el presidente de Bolivia, Evo Morales. Los especialistas que relevaron la estatua realizaron una serie de recomendaciones, entre las que se destaca la \u201cintervenci\u00f3n en el monumento de manera inmediata por su estado delicado de degradaci\u00f3n\u201d.<br \/>\nTodo un conflicto<br \/>\nTironeoEl conflicto para sacar a Col\u00f3n y poner a Juana Azurduy dur\u00f3 casi dos a\u00f1os y signific\u00f3 una disputa entre el Gobierno nacional, el porte\u00f1o y la comunidad italiana.<br \/>\nCol\u00f3n esperaMientras tanto, el monumento a Crist\u00f3bal Col\u00f3n sigue esperando que lo instalen en la Costanera. La Comisi\u00f3n de Museos, confirm\u00f3 que \u201clas piezas est\u00e1n sucias pero en en buen estado\u201d.<\/p>\n","protected":false},"excerpt":{"rendered":"<p>La estatua a Juana Azurduy que reemplaz\u00f3 a la de Crist\u00f3bal Col\u00f3n en la plaza que est\u00e1 detr\u00e1s de la Casa Rosada y que fue objeto de pol\u00e9mica entre los gobiernos nacional y porte\u00f1o durante las gestiones anteriores luce, en la actualidad, bastante deteriorada, cuando a\u00fan no cumple un a\u00f1o desde su inauguraci\u00f3n. La Comisi\u00f3n [&hellip;]<\/p>\n","protected":false},"author":2,"featured_media":11797,"comment_status":"open","ping_status":"open","sticky":false,"template":"","format":"standard","meta":{"_et_pb_use_builder":"","_et_pb_old_content":"","_et_gb_content_width":"","footnotes":""},"categories":[11,33],"tags":[],"class_list":["post-11796","post","type-post","status-publish","format-standard","has-post-thumbnail","hentry","category-ciudad","category-sociedad-y-cultura-2"],"_links":{"self":[{"href":"https:\/\/vocesdebaires.com.ar\/index.php\/wp-json\/wp\/v2\/posts\/11796"}],"collection":[{"href":"https:\/\/vocesdebaires.com.ar\/index.php\/wp-json\/wp\/v2\/posts"}],"about":[{"href":"https:\/\/vocesdebaires.com.ar\/index.php\/wp-json\/wp\/v2\/types\/post"}],"author":[{"embeddable":true,"href":"https:\/\/vocesdebaires.com.ar\/index.php\/wp-json\/wp\/v2\/users\/2"}],"replies":[{"embeddable":true,"href":"https:\/\/vocesdebaires.com.ar\/index.php\/wp-json\/wp\/v2\/comments?post=11796"}],"version-history":[{"count":0,"href":"https:\/\/vocesdebaires.com.ar\/index.php\/wp-json\/wp\/v2\/posts\/11796\/revisions"}],"wp:featuredmedia":[{"embeddable":true,"href":"https:\/\/vocesdebaires.com.ar\/index.php\/wp-json\/wp\/v2\/media\/11797"}],"wp:attachment":[{"href":"https:\/\/vocesdebaires.com.ar\/index.php\/wp-json\/wp\/v2\/media?parent=11796"}],"wp:term":[{"taxonomy":"category","embeddable":true,"href":"https:\/\/vocesdebaires.com.ar\/index.php\/wp-json\/wp\/v2\/categories?post=11796"},{"taxonomy":"post_tag","embeddable":true,"href":"https:\/\/vocesdebaires.com.ar\/index.php\/wp-json\/wp\/v2\/tags?post=11796"}],"curies":[{"name":"wp","href":"https:\/\/api.w.org\/{rel}","templated":true}]}}