{"id":11819,"date":"2016-05-13T12:36:47","date_gmt":"2016-05-13T15:36:47","guid":{"rendered":"http:\/\/vocesdebaires.com.ar\/wordpress\/index.php\/2016\/05\/13\/dia-de-la-conciencia-ambiental\/"},"modified":"2016-05-13T12:36:47","modified_gmt":"2016-05-13T15:36:47","slug":"dia-de-la-conciencia-ambiental","status":"publish","type":"post","link":"https:\/\/vocesdebaires.com.ar\/index.php\/2016\/05\/13\/dia-de-la-conciencia-ambiental\/","title":{"rendered":"D\u00eda de la Conciencia Ambiental"},"content":{"rendered":"<p>\u00a0<br \/>\nLa Ciudad de Buenos Aires \u00abadhiere a la ley nacional N\u00b0 24.605, que tiene por finalidad declarar el 27 de septiembre de cada a\u00f1o como el D\u00eda de la Conciencia Ambiental\u201d, seg\u00fan votaron\u00a0 ayer los legisladores de la Ciudad. El proyecto fue del legislador Daniel Presti (PRO), con despacho de la comisi\u00f3n de Ambiente y recuerda \u00abque todos los a\u00f1os, en dicha fecha, se recordar\u00e1n en los establecimientos educativos, primarios y secundarios, los derechos y deberes relacionados con el ambiente\u00bb.<br \/>\nEl 27 de septiembre conmemora a los fallecidos ese d\u00eda de 1993 como consecuencia de un\u00a0 escape del letal gas cianh\u00eddrico en la ciudad bonaerense de Avellaneda.Trombofilia en embarazos. Se estableci\u00f3 en el \u00e1mbito de la Ciudad \u201cEl d\u00eda de concientizaci\u00f3n de la trombofilia en los embarazos\u201d, que ser\u00e1 el 13 de octubre de cada a\u00f1o. La ley establece que el Poder Ejecutivo designar\u00e1 la autoridad de aplicaci\u00f3n y el tipo de campa\u00f1a a realizar durante ese d\u00eda con el fin de educar y prevenir a la poblaci\u00f3n sobre este trastorno en sinton\u00eda con el Ministerio de Salud de la Naci\u00f3n. De autor\u00eda de la diputada Mar\u00eda In\u00e9s Gorbea (SUMA+) fue despachada favorablemente por la Comisi\u00f3n de Salud.<br \/>\nLa trombofilia es un mal que puede aquejar a un importante n\u00famero de personas en edad f\u00e9rtil y que provoca la p\u00e9rdida de embarazos tanto en las primeras semanas como en la \u00faltima etapa de gestaci\u00f3n. Recientemente se observ\u00f3 que las mujeres portadoras de trombofilia presentaban mayor riesgo de padecer ciertas complicaciones gestacionales -aborto recurrente y complicaciones vasculares placentarias tard\u00edas-, debido a la formaci\u00f3n de co\u00e1gulos en la microvasculatura placentaria.<br \/>\nNomenclatura urbanaLos diputados porte\u00f1os votaron hoy tres leyes referidas a nombres de espacios p\u00fablicos. Se trata de aprobaciones en segunda lectura, es decir que ya son definitivas, despu\u00e9s de haberse realizado las respectivas audiencias p\u00fablicas. Por la primera ley se denomin\u00f3 \u00abPadre Jorge Vernazza\u00bb a la plazoleta formada por la intersecci\u00f3n de las avenidas Varela y Perito Moreno, en el l\u00edmite de los barrios Parque Chacabuco y Villa Soldati.\u00a0 Vernazza fue uno de los fundadores del Movimiento de Sacerdotes del Tercer Mundo, en la d\u00e9cada del 70, trabaj\u00f3 en las villas del bajo Flores y fue compa\u00f1ero pastoral y de militancia del m\u00edtico padre Carlos Mujica. Fue a propuesta de la ex legisladora Victoria Morales Gorleri (PRO).<br \/>\nOtra norma denomina \u00abSilvina Ocampo\u00bb al bulevar de la calle Macacha G\u00fcemes, entre Pierina Dialessi y Juana Manso, en Puerto Madero. Es en homenaje a la escritora cuyo nombre completo era Silvina Inocencia Ocampo Aguirre. La iniciativa fue de la diputada L\u00eda Rueda (PRO).Por otra parte, se impuso la denominaci\u00f3n \u00abLas Caracolas\u00bb a un tramo de la calle sin nombre que est\u00e1 a la altura de la Avenida Corea al 1900, en el Barrio Rivadavia I, un complejo habitacional del bajo Flores. El nombre refiere a un poema de Alfonsina Storni y fue elegido por la comunidad educativa de una escuela del lugar. El proyecto fue presentado por el ex legislador Daniel Lipovetzky (PRO).<br \/>\nUn busto para Mataderos.La Asociaci\u00f3n Civil \u00abForo de la Memoria de Mataderos\u00bb don\u00f3 un busto en\u00a0 homenaje a\u00a0 Ofelio Vecchio, obra del escultor Orio Dal Porto a fin de ser emplazado en\u00a0 la Plaza Juan F. Salaberry. La Legislatura vot\u00f3 hoy la aceptaci\u00f3n de dicha donaci\u00f3n, a propuesta del ex legislador Oscar Moscariello (PRO). Ofelio Vecchio era historiador y connotado vecino de Mataderos,\u00a0 autor de 32 libros, investigaciones hist\u00f3ricas y poemas,\u00a0 de los cuales diecis\u00e9is corresponden a su barrio,\u00a0 entre ellos: A Mataderos con amor, Cien a\u00f1os de Mataderos y el exhaustivo trabajo de investigaci\u00f3n Recorriendo Mataderos.<\/p>\n","protected":false},"excerpt":{"rendered":"<p>\u00a0 La Ciudad de Buenos Aires \u00abadhiere a la ley nacional N\u00b0 24.605, que tiene por finalidad declarar el 27 de septiembre de cada a\u00f1o como el D\u00eda de la Conciencia Ambiental\u201d, seg\u00fan votaron\u00a0 ayer los legisladores de la Ciudad. El proyecto fue del legislador Daniel Presti (PRO), con despacho de la comisi\u00f3n de Ambiente [&hellip;]<\/p>\n","protected":false},"author":2,"featured_media":11284,"comment_status":"open","ping_status":"open","sticky":false,"template":"","format":"standard","meta":{"_et_pb_use_builder":"","_et_pb_old_content":"","_et_gb_content_width":"","footnotes":""},"categories":[11,33],"tags":[],"class_list":["post-11819","post","type-post","status-publish","format-standard","has-post-thumbnail","hentry","category-ciudad","category-sociedad-y-cultura-2"],"_links":{"self":[{"href":"https:\/\/vocesdebaires.com.ar\/index.php\/wp-json\/wp\/v2\/posts\/11819"}],"collection":[{"href":"https:\/\/vocesdebaires.com.ar\/index.php\/wp-json\/wp\/v2\/posts"}],"about":[{"href":"https:\/\/vocesdebaires.com.ar\/index.php\/wp-json\/wp\/v2\/types\/post"}],"author":[{"embeddable":true,"href":"https:\/\/vocesdebaires.com.ar\/index.php\/wp-json\/wp\/v2\/users\/2"}],"replies":[{"embeddable":true,"href":"https:\/\/vocesdebaires.com.ar\/index.php\/wp-json\/wp\/v2\/comments?post=11819"}],"version-history":[{"count":0,"href":"https:\/\/vocesdebaires.com.ar\/index.php\/wp-json\/wp\/v2\/posts\/11819\/revisions"}],"wp:featuredmedia":[{"embeddable":true,"href":"https:\/\/vocesdebaires.com.ar\/index.php\/wp-json\/wp\/v2\/media\/11284"}],"wp:attachment":[{"href":"https:\/\/vocesdebaires.com.ar\/index.php\/wp-json\/wp\/v2\/media?parent=11819"}],"wp:term":[{"taxonomy":"category","embeddable":true,"href":"https:\/\/vocesdebaires.com.ar\/index.php\/wp-json\/wp\/v2\/categories?post=11819"},{"taxonomy":"post_tag","embeddable":true,"href":"https:\/\/vocesdebaires.com.ar\/index.php\/wp-json\/wp\/v2\/tags?post=11819"}],"curies":[{"name":"wp","href":"https:\/\/api.w.org\/{rel}","templated":true}]}}