{"id":1182,"date":"2020-08-26T16:41:18","date_gmt":"2020-08-26T19:41:18","guid":{"rendered":"http:\/\/vocesdebaires.com.ar\/wordpress\/index.php\/2020\/08\/26\/proyecto-para-victimas-de-violencia-sexual\/"},"modified":"2020-08-26T16:41:18","modified_gmt":"2020-08-26T19:41:18","slug":"proyecto-para-victimas-de-violencia-sexual","status":"publish","type":"post","link":"https:\/\/vocesdebaires.com.ar\/index.php\/2020\/08\/26\/proyecto-para-victimas-de-violencia-sexual\/","title":{"rendered":"Proyecto para \u00abV\u00edctimas de violencia Sexual\u00bb"},"content":{"rendered":"<p>La diputada nacional de la Coalici\u00f3n C\u00edvica ARI Marcela Campagnoli present\u00f3 un proyecto de ley para garantizar a las v\u00edctimas de violencia sexual \u00abun real acceso a la justicia, libre de discriminaci\u00f3n y violencia\u00bb.\u00bbDesde el Congreso de la Naci\u00f3n, no se puede pretender que las v\u00edctimas sigan esperando que los operadores jur\u00eddicos se capaciten con perspectiva de g\u00e9nero para as\u00ed finalmente ver protegidos sus derechos\u00bb, manifest\u00f3. Por tal motivo, consider\u00f3 que este proyecto sobre \u00abreglas de prueba para la investigaci\u00f3n de delitos contra la integridad sexual\u00bb contribuir\u00e1 a \u00abgarantizar a las v\u00edctimas de violencia sexual un real acceso a la justicia, libre de discriminaci\u00f3n y violencia\u00bb.<\/p>\n<p>En l\u00ednea con la normativa internacional de DDHH y especialmente las Reglas de Procedimiento y Prueba de la Corte Penal Internacional, el proyecto plantea una modificaci\u00f3n del art\u00edculo 16 de la Ley de Protecci\u00f3n Integral a las Mujeres, \u00abpara incorporar como derecho una investigaci\u00f3n, proceso y resoluciones libres de estereotipos y prejuicios de g\u00e9nero\u00bb. En segundo lugar, introduce reformas en el nuevo C\u00f3digo Procesal Penal Federal y en el actual C\u00f3digo Procesal Penal de la Naci\u00f3n, para prohibir que -en los procesos donde se investigan delitos contra la integridad sexual- se admita como prueba aquella referida al comportamiento sexual, anterior o posterior al hecho, de la v\u00edctima o de un testigo.<\/p>\n<p>Por \u00faltimo, se introducen al nuevo C\u00f3digo Procesal Penal, reglas sobre la recolecci\u00f3n y admisibilidad de la prueba referidas al consentimiento de la v\u00edctima.\u00bbLas v\u00edctimas de este tipo de delitos suelen experimentar una revictimizaci\u00f3n al acercarse a la administraci\u00f3n de justicia, y la violencia ya no es ejercida por el agresor sino por los agentes estatales y operadores jur\u00eddicos\u00bb, asegur\u00f3 Campagnoli y agreg\u00f3 que \u00abeste es uno de los factores que repercuten en la baja cantidad de denuncias\u00bb. En los fundamentos del proyecto, Campagnoli sostiene que \u00aben este tipo de delitos, en las investigaciones, procesos y sentencias se observan prejuicios y estereotipos de g\u00e9nero que repercuten en los derechos fundamentales de las v\u00edctimas\u00bb.<\/p>\n<p>En ese sentido, afirm\u00f3 que \u201cla justicia en lugar de centrarse en los hechos concretos del caso, termina inmiscuy\u00e9ndose en la vida privada de la v\u00edctima. As\u00ed, varias de las decisiones judiciales se basan en estos mitos preconcebidos y no en los hechos del caso\u201d. El proyecto est\u00e1 acompa\u00f1ado con la firma de los legisladores Gabriela Burgos; Graciela Cama\u00f1o; Carla Carrizo; Josefina Mendoza; Maximiliano Ferraro; H\u00e9ctor Flores; M\u00f3nica Frade; Alicia Terada; Mar\u00eda Luj\u00e1n Rey; Adriana Caceres; Alejandro Cacace; Soledad Carrizo; Alberto Asseff; Ingrid Jetter; y Sof\u00eda Brambilla.<\/p>\n","protected":false},"excerpt":{"rendered":"<p>La diputada nacional de la Coalici\u00f3n C\u00edvica ARI Marcela Campagnoli present\u00f3 un proyecto de ley para garantizar a las v\u00edctimas de violencia sexual \u00abun real acceso a la justicia, libre de discriminaci\u00f3n y violencia\u00bb.\u00bbDesde el Congreso de la Naci\u00f3n, no se puede pretender que las v\u00edctimas sigan esperando que los operadores jur\u00eddicos se capaciten con [&hellip;]<\/p>\n","protected":false},"author":1,"featured_media":1183,"comment_status":"open","ping_status":"open","sticky":false,"template":"","format":"standard","meta":{"_et_pb_use_builder":"","_et_pb_old_content":"","_et_gb_content_width":"","footnotes":""},"categories":[11,33],"tags":[],"class_list":["post-1182","post","type-post","status-publish","format-standard","has-post-thumbnail","hentry","category-ciudad","category-sociedad-y-cultura-2"],"_links":{"self":[{"href":"https:\/\/vocesdebaires.com.ar\/index.php\/wp-json\/wp\/v2\/posts\/1182"}],"collection":[{"href":"https:\/\/vocesdebaires.com.ar\/index.php\/wp-json\/wp\/v2\/posts"}],"about":[{"href":"https:\/\/vocesdebaires.com.ar\/index.php\/wp-json\/wp\/v2\/types\/post"}],"author":[{"embeddable":true,"href":"https:\/\/vocesdebaires.com.ar\/index.php\/wp-json\/wp\/v2\/users\/1"}],"replies":[{"embeddable":true,"href":"https:\/\/vocesdebaires.com.ar\/index.php\/wp-json\/wp\/v2\/comments?post=1182"}],"version-history":[{"count":0,"href":"https:\/\/vocesdebaires.com.ar\/index.php\/wp-json\/wp\/v2\/posts\/1182\/revisions"}],"wp:featuredmedia":[{"embeddable":true,"href":"https:\/\/vocesdebaires.com.ar\/index.php\/wp-json\/wp\/v2\/media\/1183"}],"wp:attachment":[{"href":"https:\/\/vocesdebaires.com.ar\/index.php\/wp-json\/wp\/v2\/media?parent=1182"}],"wp:term":[{"taxonomy":"category","embeddable":true,"href":"https:\/\/vocesdebaires.com.ar\/index.php\/wp-json\/wp\/v2\/categories?post=1182"},{"taxonomy":"post_tag","embeddable":true,"href":"https:\/\/vocesdebaires.com.ar\/index.php\/wp-json\/wp\/v2\/tags?post=1182"}],"curies":[{"name":"wp","href":"https:\/\/api.w.org\/{rel}","templated":true}]}}