{"id":1184,"date":"2020-08-26T16:34:50","date_gmt":"2020-08-26T19:34:50","guid":{"rendered":"http:\/\/vocesdebaires.com.ar\/wordpress\/index.php\/2020\/08\/26\/parque-chas-realizaron-un-raid-delictivo\/"},"modified":"2020-08-26T16:34:50","modified_gmt":"2020-08-26T19:34:50","slug":"parque-chas-realizaron-un-raid-delictivo","status":"publish","type":"post","link":"https:\/\/vocesdebaires.com.ar\/index.php\/2020\/08\/26\/parque-chas-realizaron-un-raid-delictivo\/","title":{"rendered":"Parque Chas realizaron un raid delictivo"},"content":{"rendered":"<p>Intervinieron en los casos personal de las Comisar\u00edas Vecinales 12 B y 15 C de la Polic\u00eda de la Ciudad, y el delincuente capturado en los \u00faltimos d\u00edas tuvo que ser trasladado al Hospital Torn\u00fa por heridas producidas en un choque vehicular. El primer hecho ocurri\u00f3 en la calle Donado al 1.300. All\u00ed, un hombre que llegaba a su domicilio fue abordado por dos delincuentes que le exhibieron un arma de fuego y le robaron el rodado, un Renault Clio de color gris, y un tel\u00e9fono celular.<\/p>\n<p>Luego, se dieron a la fuga y personal de la Comisar\u00eda Vecinal 12 B de la Polic\u00eda de la Ciudad fue desplazado hacia un supermercado de la intersecci\u00f3n de la avenida Nazca y Albarellos por un robo con arma de fuego. Al llegar al lugar, los oficiales se entrevistaron con las v\u00edctimas, que explicaron que los delincuentes escaparon en un Renault Clio gris, el mismo rodado que hab\u00eda sido robado a pocas cuadras de all\u00ed. Los efectivos iniciaron la b\u00fasqueda, logrando encontrarlos a las pocas cuadras y, al darle la voz de alto, los ladrones intentaron darse a la fuga. Al llegar a la esquina de las calles Victorica y Berl\u00edn, el conductor perdi\u00f3 el control del veh\u00edculo y choc\u00f3 contra un auto Chevrolet Corsa azul que estaba estacionado. Dos de los ladrones lograron escapar, pero el conductor fue demorado inmediatamente.<\/p>\n<p>Se hizo presente el personal del SAME, que traslad\u00f3 al delincuente al Hospital Torn\u00fa por traumatismo de cr\u00e1neo, donde qued\u00f3 internado con custodia policial. Los oficiales, con la presencia de dos testigos, requisaron el rodado encontrando en su interior una caja registradora y 15.100 pesos en efectivo. Adem\u00e1s, encontraron un tel\u00e9fono celular, una gorra, un par de muletas y una pistola calibre 40 con seis municiones huecas. Momentos despu\u00e9s, los efectivos de la Polic\u00eda de la Ciudad hallaron a las pocas cuadras seis bolsas con monedas y 1.600 pesos en efectivo que hab\u00edan sido descartados en la huida. Interviene en el caso, el Juzgado Criminal y Correccional N\u00famero 24, a cargo del doctor Alfredo Godoy.<\/p>\n","protected":false},"excerpt":{"rendered":"<p>Intervinieron en los casos personal de las Comisar\u00edas Vecinales 12 B y 15 C de la Polic\u00eda de la Ciudad, y el delincuente capturado en los \u00faltimos d\u00edas tuvo que ser trasladado al Hospital Torn\u00fa por heridas producidas en un choque vehicular. El primer hecho ocurri\u00f3 en la calle Donado al 1.300. All\u00ed, un hombre [&hellip;]<\/p>\n","protected":false},"author":1,"featured_media":1185,"comment_status":"open","ping_status":"open","sticky":false,"template":"","format":"standard","meta":{"_et_pb_use_builder":"","_et_pb_old_content":"","_et_gb_content_width":"","footnotes":""},"categories":[11,32],"tags":[],"class_list":["post-1184","post","type-post","status-publish","format-standard","has-post-thumbnail","hentry","category-ciudad","category-comunas"],"_links":{"self":[{"href":"https:\/\/vocesdebaires.com.ar\/index.php\/wp-json\/wp\/v2\/posts\/1184"}],"collection":[{"href":"https:\/\/vocesdebaires.com.ar\/index.php\/wp-json\/wp\/v2\/posts"}],"about":[{"href":"https:\/\/vocesdebaires.com.ar\/index.php\/wp-json\/wp\/v2\/types\/post"}],"author":[{"embeddable":true,"href":"https:\/\/vocesdebaires.com.ar\/index.php\/wp-json\/wp\/v2\/users\/1"}],"replies":[{"embeddable":true,"href":"https:\/\/vocesdebaires.com.ar\/index.php\/wp-json\/wp\/v2\/comments?post=1184"}],"version-history":[{"count":0,"href":"https:\/\/vocesdebaires.com.ar\/index.php\/wp-json\/wp\/v2\/posts\/1184\/revisions"}],"wp:featuredmedia":[{"embeddable":true,"href":"https:\/\/vocesdebaires.com.ar\/index.php\/wp-json\/wp\/v2\/media\/1185"}],"wp:attachment":[{"href":"https:\/\/vocesdebaires.com.ar\/index.php\/wp-json\/wp\/v2\/media?parent=1184"}],"wp:term":[{"taxonomy":"category","embeddable":true,"href":"https:\/\/vocesdebaires.com.ar\/index.php\/wp-json\/wp\/v2\/categories?post=1184"},{"taxonomy":"post_tag","embeddable":true,"href":"https:\/\/vocesdebaires.com.ar\/index.php\/wp-json\/wp\/v2\/tags?post=1184"}],"curies":[{"name":"wp","href":"https:\/\/api.w.org\/{rel}","templated":true}]}}