{"id":11850,"date":"2016-05-10T13:07:32","date_gmt":"2016-05-10T16:07:32","guid":{"rendered":"http:\/\/vocesdebaires.com.ar\/wordpress\/index.php\/2016\/05\/10\/habilitan-el-tunel-de-congreso-en-urquiza\/"},"modified":"2016-05-10T13:07:32","modified_gmt":"2016-05-10T16:07:32","slug":"habilitan-el-tunel-de-congreso-en-urquiza","status":"publish","type":"post","link":"https:\/\/vocesdebaires.com.ar\/index.php\/2016\/05\/10\/habilitan-el-tunel-de-congreso-en-urquiza\/","title":{"rendered":"Habilitan el t\u00fanel de Congreso, en Urquiza"},"content":{"rendered":"<p>\u00a0<br \/>\nLa Ciudad habilitar\u00e1 desde hoy el paso bajo nivel de la avenida Congreso y las v\u00edas del Mitre (ramal Mitre), en el l\u00edmite entre Villa Urquiza y Coghlan. Se trata de una obra clave para aliviar el tr\u00e1nsito en la zona, as\u00ed como para eliminar la barrera y mejorar la seguridad vial y la integraci\u00f3n de ambos barrios.<br \/>\nEl t\u00fanel -previsto para mediados de 2015- hab\u00eda sido concluido y pintado a comienzos de este a\u00f1o, pero no pod\u00eda ser habilitado al tr\u00e1nsito porque la empresa Edenor deb\u00eda correr primero algunos cables de alta tensi\u00f3n que interfer\u00edan en la estructura. Con este obst\u00e1culo, los trabajos estuvieron frenados y se demoraron m\u00e1s de lo previsto, para pesar de los vecinos y comerciantes de la zona. El t\u00fanel se extiende a lo largo de 200 metros entre las calles Plaza y Estomba y tendr\u00e1 dos carriles de circulaci\u00f3n (uno por sentido).<br \/>\n\u00a0<\/p>\n","protected":false},"excerpt":{"rendered":"<p>\u00a0 La Ciudad habilitar\u00e1 desde hoy el paso bajo nivel de la avenida Congreso y las v\u00edas del Mitre (ramal Mitre), en el l\u00edmite entre Villa Urquiza y Coghlan. Se trata de una obra clave para aliviar el tr\u00e1nsito en la zona, as\u00ed como para eliminar la barrera y mejorar la seguridad vial y la [&hellip;]<\/p>\n","protected":false},"author":2,"featured_media":11851,"comment_status":"open","ping_status":"open","sticky":false,"template":"","format":"standard","meta":{"_et_pb_use_builder":"","_et_pb_old_content":"","_et_gb_content_width":"","footnotes":""},"categories":[11,32],"tags":[],"class_list":["post-11850","post","type-post","status-publish","format-standard","has-post-thumbnail","hentry","category-ciudad","category-comunas"],"_links":{"self":[{"href":"https:\/\/vocesdebaires.com.ar\/index.php\/wp-json\/wp\/v2\/posts\/11850"}],"collection":[{"href":"https:\/\/vocesdebaires.com.ar\/index.php\/wp-json\/wp\/v2\/posts"}],"about":[{"href":"https:\/\/vocesdebaires.com.ar\/index.php\/wp-json\/wp\/v2\/types\/post"}],"author":[{"embeddable":true,"href":"https:\/\/vocesdebaires.com.ar\/index.php\/wp-json\/wp\/v2\/users\/2"}],"replies":[{"embeddable":true,"href":"https:\/\/vocesdebaires.com.ar\/index.php\/wp-json\/wp\/v2\/comments?post=11850"}],"version-history":[{"count":0,"href":"https:\/\/vocesdebaires.com.ar\/index.php\/wp-json\/wp\/v2\/posts\/11850\/revisions"}],"wp:featuredmedia":[{"embeddable":true,"href":"https:\/\/vocesdebaires.com.ar\/index.php\/wp-json\/wp\/v2\/media\/11851"}],"wp:attachment":[{"href":"https:\/\/vocesdebaires.com.ar\/index.php\/wp-json\/wp\/v2\/media?parent=11850"}],"wp:term":[{"taxonomy":"category","embeddable":true,"href":"https:\/\/vocesdebaires.com.ar\/index.php\/wp-json\/wp\/v2\/categories?post=11850"},{"taxonomy":"post_tag","embeddable":true,"href":"https:\/\/vocesdebaires.com.ar\/index.php\/wp-json\/wp\/v2\/tags?post=11850"}],"curies":[{"name":"wp","href":"https:\/\/api.w.org\/{rel}","templated":true}]}}