{"id":1186,"date":"2020-08-26T16:26:11","date_gmt":"2020-08-26T19:26:11","guid":{"rendered":"http:\/\/vocesdebaires.com.ar\/wordpress\/index.php\/2020\/08\/26\/comuna-15-desbarataron-un-desarmadero\/"},"modified":"2020-08-26T16:26:11","modified_gmt":"2020-08-26T19:26:11","slug":"comuna-15-desbarataron-un-desarmadero","status":"publish","type":"post","link":"https:\/\/vocesdebaires.com.ar\/index.php\/2020\/08\/26\/comuna-15-desbarataron-un-desarmadero\/","title":{"rendered":"Comuna 15 desbarataron un desarmadero"},"content":{"rendered":"<p>Personal del Departamento Delitos Contra la Propiedad de la Divisi\u00f3n Sustracci\u00f3n de Automotores de la Polic\u00eda de la Ciudad allan\u00f3 en los \u00faltimos d\u00edas un comercio situado en la calle Bernasconi al 2.200, donde se dedicaban a la reducci\u00f3n de veh\u00edculos y al comercio de autopartes. Adem\u00e1s de efectivos policiales, del operativo formaron parte personal de la Subsecretar\u00eda de Seguridad Ciudadana, perteneciente al programa de lucha contra la comercializaci\u00f3n de autopartes ilegales, y la Agencia Gubernamental de Control (AGC), que clausur\u00f3 el local.<\/p>\n<p>Una vez en el lugar, corroboraron que en el primer piso del mismo se almacenaban piezas de automotores usados, en su mayor\u00eda relacionadas con la mec\u00e1nica de veh\u00edculos de alta gama, como tapas de cilindro, cig\u00fce\u00f1ales, compresores de aire acondicionado, alternadores y pistones, entre otros. Al consultar con la Fiscal\u00eda Penal, Contravencional y de Faltas N\u00famero 6, a cargo del doctor Grassi, se dispuso la notificaci\u00f3n de los responsables del local por infracci\u00f3n a la Ley de Desarmadero N\u00famero 25.761.<br \/>Adem\u00e1s, se dispuso el secuestro de las autopartes encontradas.<\/p>\n","protected":false},"excerpt":{"rendered":"<p>Personal del Departamento Delitos Contra la Propiedad de la Divisi\u00f3n Sustracci\u00f3n de Automotores de la Polic\u00eda de la Ciudad allan\u00f3 en los \u00faltimos d\u00edas un comercio situado en la calle Bernasconi al 2.200, donde se dedicaban a la reducci\u00f3n de veh\u00edculos y al comercio de autopartes. Adem\u00e1s de efectivos policiales, del operativo formaron parte personal [&hellip;]<\/p>\n","protected":false},"author":1,"featured_media":1187,"comment_status":"open","ping_status":"open","sticky":false,"template":"","format":"standard","meta":{"_et_pb_use_builder":"","_et_pb_old_content":"","_et_gb_content_width":"","footnotes":""},"categories":[11,32],"tags":[],"class_list":["post-1186","post","type-post","status-publish","format-standard","has-post-thumbnail","hentry","category-ciudad","category-comunas"],"_links":{"self":[{"href":"https:\/\/vocesdebaires.com.ar\/index.php\/wp-json\/wp\/v2\/posts\/1186"}],"collection":[{"href":"https:\/\/vocesdebaires.com.ar\/index.php\/wp-json\/wp\/v2\/posts"}],"about":[{"href":"https:\/\/vocesdebaires.com.ar\/index.php\/wp-json\/wp\/v2\/types\/post"}],"author":[{"embeddable":true,"href":"https:\/\/vocesdebaires.com.ar\/index.php\/wp-json\/wp\/v2\/users\/1"}],"replies":[{"embeddable":true,"href":"https:\/\/vocesdebaires.com.ar\/index.php\/wp-json\/wp\/v2\/comments?post=1186"}],"version-history":[{"count":0,"href":"https:\/\/vocesdebaires.com.ar\/index.php\/wp-json\/wp\/v2\/posts\/1186\/revisions"}],"wp:featuredmedia":[{"embeddable":true,"href":"https:\/\/vocesdebaires.com.ar\/index.php\/wp-json\/wp\/v2\/media\/1187"}],"wp:attachment":[{"href":"https:\/\/vocesdebaires.com.ar\/index.php\/wp-json\/wp\/v2\/media?parent=1186"}],"wp:term":[{"taxonomy":"category","embeddable":true,"href":"https:\/\/vocesdebaires.com.ar\/index.php\/wp-json\/wp\/v2\/categories?post=1186"},{"taxonomy":"post_tag","embeddable":true,"href":"https:\/\/vocesdebaires.com.ar\/index.php\/wp-json\/wp\/v2\/tags?post=1186"}],"curies":[{"name":"wp","href":"https:\/\/api.w.org\/{rel}","templated":true}]}}