{"id":1190,"date":"2020-08-25T03:00:00","date_gmt":"2020-08-25T06:00:00","guid":{"rendered":"http:\/\/vocesdebaires.com.ar\/wordpress\/index.php\/2020\/08\/25\/llega-una-nueva-edicion-de-tango-buenos-aires\/"},"modified":"2020-08-25T03:00:00","modified_gmt":"2020-08-25T06:00:00","slug":"llega-una-nueva-edicion-de-tango-buenos-aires","status":"publish","type":"post","link":"https:\/\/vocesdebaires.com.ar\/index.php\/2020\/08\/25\/llega-una-nueva-edicion-de-tango-buenos-aires\/","title":{"rendered":"Llega una nueva edici\u00f3n de Tango Buenos Aires"},"content":{"rendered":"<p>El Gobierno de la Ciudad de Buenos Aires presenta una nueva edici\u00f3n de Tango Buenos Aires, del 26 al 30 de agosto, con direcci\u00f3n art\u00edstica de Gabriel Soria. Entendiendo la situaci\u00f3n actual en todo el mundo, pero sabiendo el lugar que ocupa el tango en la vida de miles de seguidores, artistas y bailarines, el Festival se adapta para poder ofrecer diversos contenidos digitales gratuitos y disfrutarlos desde casa, a trav\u00e9s de la web y las redes sociales de Festivales de la Ciudad (Youtube FestivalesGCBA, Facebook \/FestivalesGCBA e Instagram @festivalesgcba).<\/p>\n<p>Conciertos, clases de baile para grandes y chicos, milongas, tutoriales, celebraciones y homenajes, una in\u00e9dita apertura multidisciplinaria que se centra en la presencia y el rol de la mujer en el tango, y mucho m\u00e1s, para celebrar la m\u00fasica que identifica a la Ciudad. Adem\u00e1s, se realizar\u00e1 el prestigioso Mundial de Baile para que tanto aficionados como profesionales de todo el mundo y de manera online, demuestren su pasi\u00f3n por el g\u00e9nero y saquen viruta al piso de sus casas. Tango BA es una gran oportunidad para seguir disfrutando o descubrir al g\u00e9nero que cautiva a miles de seguidores, que fue declarado Patrimonio Cultural Inmaterial de la Humanidad por la UNESCO.<\/p>\n<p>\u00abEn un momento en el cual la realidad nos impone constantemente desaf\u00edos, apostamos a un Festival de Tango que se adapta a la situaci\u00f3n que nos atraviesa por la pandemia. Apostamos a un Festival de Tango diferente, virtual, pero con la misma fuerza que los de a\u00f1os anteriores. El tango es parte de nuestro patrimonio, y con nuestro festival buscamos visibilizar el trabajo y esfuerzo de todos nuestros talentos y fortalecer nuestra identidad cultural en el mundo.<\/p>\n<p>El tango es para la Ciudad una plataforma esencial de desarrollo. Por eso, en un contexto tan complicado, continuamos apostando por el crecimiento de nuestros artistas y por la generaci\u00f3n de contenidos de calidad: desde homenajes a grandes referentes y conciertos hasta la exposici\u00f3n de material hist\u00f3rico, y muchas propuestas m\u00e1s para disfrutar desde casa\u00bb, afirm\u00f3 el ministro de cultura de la Ciudad de Buenos Aires, Enrique Avogadro. Gabriel Soria, director art\u00edstico de Tango Buenos Aires, sostuvo que \u201cTodos los a\u00f1os nos encontramos con los nuevos aportes de los artistas que hacen d\u00eda a d\u00eda la permanencia del tango junto a la experiencia de maestros y maestras de otras generaciones. Ellos son protagonistas de una expresi\u00f3n art\u00edstica \u00fanica que se transform\u00f3 a lo largo del tiempo en una cultura propia\u201d.<\/p>\n","protected":false},"excerpt":{"rendered":"<p>El Gobierno de la Ciudad de Buenos Aires presenta una nueva edici\u00f3n de Tango Buenos Aires, del 26 al 30 de agosto, con direcci\u00f3n art\u00edstica de Gabriel Soria. Entendiendo la situaci\u00f3n actual en todo el mundo, pero sabiendo el lugar que ocupa el tango en la vida de miles de seguidores, artistas y bailarines, el [&hellip;]<\/p>\n","protected":false},"author":1,"featured_media":1191,"comment_status":"open","ping_status":"open","sticky":false,"template":"","format":"standard","meta":{"_et_pb_use_builder":"","_et_pb_old_content":"","_et_gb_content_width":"","footnotes":""},"categories":[11,33],"tags":[],"class_list":["post-1190","post","type-post","status-publish","format-standard","has-post-thumbnail","hentry","category-ciudad","category-sociedad-y-cultura-2"],"_links":{"self":[{"href":"https:\/\/vocesdebaires.com.ar\/index.php\/wp-json\/wp\/v2\/posts\/1190"}],"collection":[{"href":"https:\/\/vocesdebaires.com.ar\/index.php\/wp-json\/wp\/v2\/posts"}],"about":[{"href":"https:\/\/vocesdebaires.com.ar\/index.php\/wp-json\/wp\/v2\/types\/post"}],"author":[{"embeddable":true,"href":"https:\/\/vocesdebaires.com.ar\/index.php\/wp-json\/wp\/v2\/users\/1"}],"replies":[{"embeddable":true,"href":"https:\/\/vocesdebaires.com.ar\/index.php\/wp-json\/wp\/v2\/comments?post=1190"}],"version-history":[{"count":0,"href":"https:\/\/vocesdebaires.com.ar\/index.php\/wp-json\/wp\/v2\/posts\/1190\/revisions"}],"wp:featuredmedia":[{"embeddable":true,"href":"https:\/\/vocesdebaires.com.ar\/index.php\/wp-json\/wp\/v2\/media\/1191"}],"wp:attachment":[{"href":"https:\/\/vocesdebaires.com.ar\/index.php\/wp-json\/wp\/v2\/media?parent=1190"}],"wp:term":[{"taxonomy":"category","embeddable":true,"href":"https:\/\/vocesdebaires.com.ar\/index.php\/wp-json\/wp\/v2\/categories?post=1190"},{"taxonomy":"post_tag","embeddable":true,"href":"https:\/\/vocesdebaires.com.ar\/index.php\/wp-json\/wp\/v2\/tags?post=1190"}],"curies":[{"name":"wp","href":"https:\/\/api.w.org\/{rel}","templated":true}]}}