{"id":12009,"date":"2016-08-16T12:36:52","date_gmt":"2016-08-16T15:36:52","guid":{"rendered":"http:\/\/vocesdebaires.com.ar\/wordpress\/index.php\/2016\/08\/16\/recoleta-plaza-emilio-mitre-funciona-la-primera-estacion-solar\/"},"modified":"2016-08-16T12:36:52","modified_gmt":"2016-08-16T15:36:52","slug":"recoleta-plaza-emilio-mitre-funciona-la-primera-estacion-solar","status":"publish","type":"post","link":"https:\/\/vocesdebaires.com.ar\/index.php\/2016\/08\/16\/recoleta-plaza-emilio-mitre-funciona-la-primera-estacion-solar\/","title":{"rendered":"Recoleta: Plaza Emilio Mitre, funciona la primera estaci\u00f3n solar"},"content":{"rendered":"<p>El recinto, similar al de un puesto de Ecobici o de una parada de colectivo, tiene dos equipamientos, uno solar fotovoltaico y otro t\u00e9rmico. El primero facilita energ\u00eda el\u00e9ctrica a puertos USB para la carga de celulares, notebooks y otros dispositivos, en tanto que el segundo permite acceder a agua caliente para disfrutar del mate, el caf\u00e9 o una sopa instant\u00e1nea en medio de la rutina.<\/p>\n<p>La zona no fue elegida al azar. En el cruce de dos avenidas muy transitadas, la plaza recibe cada d\u00eda a cientos de vecinos, estudiantes universitarios, madres con sus hijos que asisten a los colegios, y trabajadores que circulan a trav\u00e9s de la l\u00ednea H del subte. \u201cEs una zona estrat\u00e9gica de la Ciudad\u201d, asegur\u00f3 Norma Cadoppi, presidenta del Foro Estrat\u00e9gico para el Desarrollo Nacional, fundaci\u00f3n comprometida con la agenda verde.<\/p>\n<p>En el acto inaugural, estuvieron presentes Juan Pablo Limodio, subsecretario del \u00e1rea Ciudad Inteligente del Gobierno de la Ciudad; Agust\u00edn Fox, presidente de la Comuna 2; Horacio Salgado, decano de la Facultad de Ingenier\u00eda de la UBA; Federico Zorraqu\u00edn, titular de la empresa Rheem; y Federico Zagorodny, representante de Foro Joven y titular de la Asociaci\u00f3n Argentina de Veh\u00edculos El\u00e9ctricos, adem\u00e1s de las autoridades de las escuelas, alumnos y vecinos.<\/p>\n<p>As\u00ed\u00a0 como \u00a0los vecinos de Recoleta y los transe\u00fantes que pasen por all\u00ed tienen desde esta semana una estaci\u00f3n solar que les permitir\u00e1 empezar a codearse con la energ\u00eda sustentable. Se trata de una terminal instalada en el centro de la plaza Emilio Mitre, en Las Heras y Pueyrred\u00f3n, donde se podr\u00e1 cargar el celular o acceder a agua caliente, entre otros servicios.<\/p>\n<p>FOTO: todaslasnotas<\/p>\n","protected":false},"excerpt":{"rendered":"<p>El recinto, similar al de un puesto de Ecobici o de una parada de colectivo, tiene dos equipamientos, uno solar fotovoltaico y otro t\u00e9rmico. El primero facilita energ\u00eda el\u00e9ctrica a puertos USB para la carga de celulares, notebooks y otros dispositivos, en tanto que el segundo permite acceder a agua caliente para disfrutar del mate, [&hellip;]<\/p>\n","protected":false},"author":2,"featured_media":12010,"comment_status":"open","ping_status":"open","sticky":false,"template":"","format":"standard","meta":{"_et_pb_use_builder":"","_et_pb_old_content":"","_et_gb_content_width":"","footnotes":""},"categories":[11,32],"tags":[],"class_list":["post-12009","post","type-post","status-publish","format-standard","has-post-thumbnail","hentry","category-ciudad","category-comunas"],"_links":{"self":[{"href":"https:\/\/vocesdebaires.com.ar\/index.php\/wp-json\/wp\/v2\/posts\/12009"}],"collection":[{"href":"https:\/\/vocesdebaires.com.ar\/index.php\/wp-json\/wp\/v2\/posts"}],"about":[{"href":"https:\/\/vocesdebaires.com.ar\/index.php\/wp-json\/wp\/v2\/types\/post"}],"author":[{"embeddable":true,"href":"https:\/\/vocesdebaires.com.ar\/index.php\/wp-json\/wp\/v2\/users\/2"}],"replies":[{"embeddable":true,"href":"https:\/\/vocesdebaires.com.ar\/index.php\/wp-json\/wp\/v2\/comments?post=12009"}],"version-history":[{"count":0,"href":"https:\/\/vocesdebaires.com.ar\/index.php\/wp-json\/wp\/v2\/posts\/12009\/revisions"}],"wp:featuredmedia":[{"embeddable":true,"href":"https:\/\/vocesdebaires.com.ar\/index.php\/wp-json\/wp\/v2\/media\/12010"}],"wp:attachment":[{"href":"https:\/\/vocesdebaires.com.ar\/index.php\/wp-json\/wp\/v2\/media?parent=12009"}],"wp:term":[{"taxonomy":"category","embeddable":true,"href":"https:\/\/vocesdebaires.com.ar\/index.php\/wp-json\/wp\/v2\/categories?post=12009"},{"taxonomy":"post_tag","embeddable":true,"href":"https:\/\/vocesdebaires.com.ar\/index.php\/wp-json\/wp\/v2\/tags?post=12009"}],"curies":[{"name":"wp","href":"https:\/\/api.w.org\/{rel}","templated":true}]}}