{"id":12032,"date":"2016-08-12T13:54:51","date_gmt":"2016-08-12T16:54:51","guid":{"rendered":"http:\/\/vocesdebaires.com.ar\/wordpress\/index.php\/2016\/08\/12\/retiro-la-estacion-del-tren-mitre-en-renovacion\/"},"modified":"2016-08-12T13:54:51","modified_gmt":"2016-08-12T16:54:51","slug":"retiro-la-estacion-del-tren-mitre-en-renovacion","status":"publish","type":"post","link":"https:\/\/vocesdebaires.com.ar\/index.php\/2016\/08\/12\/retiro-la-estacion-del-tren-mitre-en-renovacion\/","title":{"rendered":"Retiro: La estaci\u00f3n del tren Mitre, en renovaci\u00f3n"},"content":{"rendered":"<p>En el patio de carruajes, por el que hasta los noventa entraron veh\u00edculos privados y taxis, se hizo una limpieza profunda de los revoques y la piedra, se est\u00e1n desbloqueando los desag\u00fces pluviales y, como prevenci\u00f3n, se colocaron las llamadas redes antipaloma en los arcos de acceso y en la fachada interna, lo que permitir\u00e1 hacerla m\u00e1s durable.En las naves de los andenes, los paneles de vidrio est\u00e1n siendo reemplazados porque los que estaban se encontraban muy deteriorados. Quienes viajan diariamente habr\u00e1n visto c\u00f3mo un andamio m\u00f3vil de 12 metros de altura se va moviendo de lugar cada dos semanas o un mes, seg\u00fan el avance de las obras.<\/p>\n<p>Durante los trabajos en las naves tambi\u00e9n se repondr\u00e1n los vidrios rotos de los t\u00edmpanos (que son los laterales de las naves vidriadas), se reparar\u00e1n los espacios de ventilaci\u00f3n y se har\u00e1 un recambio integral de maderas. Adem\u00e1s, las escaleras de servicio, las pasarelas y los elementos met\u00e1licos y de madera ser\u00e1n repintados.A poco de haber cumplido 101 a\u00f1os, la estaci\u00f3n de trenes de Retiro est\u00e1 en pleno proceso de renovaci\u00f3n. El Ministerio de Transporte de la Naci\u00f3n est\u00e1 restaurando la fachada, la entrada, el hall central, las boleter\u00edas, las c\u00fapulas y los techos de vidrio de los andenes. Los trabajos beneficiar\u00e1n a los 60.000 usuarios que pasan todos los d\u00edas por este edificio emblem\u00e1tico.<\/p>\n<p>Durante los trabajos en las naves tambi\u00e9n se repondr\u00e1n los vidrios rotos de los t\u00edmpanos (que son los laterales de las naves vidriadas), se reparar\u00e1n los espacios de ventilaci\u00f3n y se har\u00e1 un recambio integral de maderas. Adem\u00e1s, las escaleras de servicio, las pasarelas y los elementos met\u00e1licos y de madera ser\u00e1n repintados.<\/p>\n","protected":false},"excerpt":{"rendered":"<p>En el patio de carruajes, por el que hasta los noventa entraron veh\u00edculos privados y taxis, se hizo una limpieza profunda de los revoques y la piedra, se est\u00e1n desbloqueando los desag\u00fces pluviales y, como prevenci\u00f3n, se colocaron las llamadas redes antipaloma en los arcos de acceso y en la fachada interna, lo que permitir\u00e1 [&hellip;]<\/p>\n","protected":false},"author":2,"featured_media":12033,"comment_status":"open","ping_status":"open","sticky":false,"template":"","format":"standard","meta":{"_et_pb_use_builder":"","_et_pb_old_content":"","_et_gb_content_width":"","footnotes":""},"categories":[11,32],"tags":[],"class_list":["post-12032","post","type-post","status-publish","format-standard","has-post-thumbnail","hentry","category-ciudad","category-comunas"],"_links":{"self":[{"href":"https:\/\/vocesdebaires.com.ar\/index.php\/wp-json\/wp\/v2\/posts\/12032"}],"collection":[{"href":"https:\/\/vocesdebaires.com.ar\/index.php\/wp-json\/wp\/v2\/posts"}],"about":[{"href":"https:\/\/vocesdebaires.com.ar\/index.php\/wp-json\/wp\/v2\/types\/post"}],"author":[{"embeddable":true,"href":"https:\/\/vocesdebaires.com.ar\/index.php\/wp-json\/wp\/v2\/users\/2"}],"replies":[{"embeddable":true,"href":"https:\/\/vocesdebaires.com.ar\/index.php\/wp-json\/wp\/v2\/comments?post=12032"}],"version-history":[{"count":0,"href":"https:\/\/vocesdebaires.com.ar\/index.php\/wp-json\/wp\/v2\/posts\/12032\/revisions"}],"wp:featuredmedia":[{"embeddable":true,"href":"https:\/\/vocesdebaires.com.ar\/index.php\/wp-json\/wp\/v2\/media\/12033"}],"wp:attachment":[{"href":"https:\/\/vocesdebaires.com.ar\/index.php\/wp-json\/wp\/v2\/media?parent=12032"}],"wp:term":[{"taxonomy":"category","embeddable":true,"href":"https:\/\/vocesdebaires.com.ar\/index.php\/wp-json\/wp\/v2\/categories?post=12032"},{"taxonomy":"post_tag","embeddable":true,"href":"https:\/\/vocesdebaires.com.ar\/index.php\/wp-json\/wp\/v2\/tags?post=12032"}],"curies":[{"name":"wp","href":"https:\/\/api.w.org\/{rel}","templated":true}]}}