{"id":12058,"date":"2016-03-28T13:20:25","date_gmt":"2016-03-28T16:20:25","guid":{"rendered":"http:\/\/vocesdebaires.com.ar\/wordpress\/index.php\/2016\/03\/28\/roban-en-siete-oficinas-en-el-palacio-barolo-2\/"},"modified":"2016-03-28T13:20:25","modified_gmt":"2016-03-28T16:20:25","slug":"roban-en-siete-oficinas-en-el-palacio-barolo-2","status":"publish","type":"post","link":"https:\/\/vocesdebaires.com.ar\/index.php\/2016\/03\/28\/roban-en-siete-oficinas-en-el-palacio-barolo-2\/","title":{"rendered":"Roban en siete oficinas en el Palacio Barolo"},"content":{"rendered":"<p>\u00a0<br \/>\nUn grupo de ladrones rob\u00f3 en la ma\u00f1ana de ayer siete oficinas del Palacio Barolo, ubicado en el barrio porte\u00f1o de Monserrat.El hecho delictivo ocurri\u00f3 alrededor de las 7, en el edificio de la Avenida de Mayo 1370, adonde lleg\u00f3 un hombre que dijo ser el due\u00f1o de una oficina.El vigilador, que llevaba poco tiempo trabajando en el lugar y no sospech\u00f3 nada extra\u00f1o, le permiti\u00f3 el acceso. All\u00ed,aprovecharon cuatro c\u00f3mplices del asaltante para ingresar y maniatar al hombre de seguridad.<br \/>\nMinutos despu\u00e9s, robaron las oficinas 103, 105, 109 y 110, del quinto piso, y la 267, 271 y 274, del d\u00e9cimo. Para no dejar rastros, los ladrones pintaron con aerosol negro las c\u00e1maras de seguridad. La polic\u00eda dio intervenci\u00f3n a la fiscal Romina Monteleone, titular de la fiscal\u00eda 37. Hasta el momento, no hay detenidos.<br \/>\n.\u00a0 FOTO Martin-Bonetto<\/p>\n","protected":false},"excerpt":{"rendered":"<p>\u00a0 Un grupo de ladrones rob\u00f3 en la ma\u00f1ana de ayer siete oficinas del Palacio Barolo, ubicado en el barrio porte\u00f1o de Monserrat.El hecho delictivo ocurri\u00f3 alrededor de las 7, en el edificio de la Avenida de Mayo 1370, adonde lleg\u00f3 un hombre que dijo ser el due\u00f1o de una oficina.El vigilador, que llevaba poco [&hellip;]<\/p>\n","protected":false},"author":2,"featured_media":10514,"comment_status":"open","ping_status":"open","sticky":false,"template":"","format":"standard","meta":{"_et_pb_use_builder":"","_et_pb_old_content":"","_et_gb_content_width":"","footnotes":""},"categories":[11,33],"tags":[],"class_list":["post-12058","post","type-post","status-publish","format-standard","has-post-thumbnail","hentry","category-ciudad","category-sociedad-y-cultura-2"],"_links":{"self":[{"href":"https:\/\/vocesdebaires.com.ar\/index.php\/wp-json\/wp\/v2\/posts\/12058"}],"collection":[{"href":"https:\/\/vocesdebaires.com.ar\/index.php\/wp-json\/wp\/v2\/posts"}],"about":[{"href":"https:\/\/vocesdebaires.com.ar\/index.php\/wp-json\/wp\/v2\/types\/post"}],"author":[{"embeddable":true,"href":"https:\/\/vocesdebaires.com.ar\/index.php\/wp-json\/wp\/v2\/users\/2"}],"replies":[{"embeddable":true,"href":"https:\/\/vocesdebaires.com.ar\/index.php\/wp-json\/wp\/v2\/comments?post=12058"}],"version-history":[{"count":0,"href":"https:\/\/vocesdebaires.com.ar\/index.php\/wp-json\/wp\/v2\/posts\/12058\/revisions"}],"wp:featuredmedia":[{"embeddable":true,"href":"https:\/\/vocesdebaires.com.ar\/index.php\/wp-json\/wp\/v2\/media\/10514"}],"wp:attachment":[{"href":"https:\/\/vocesdebaires.com.ar\/index.php\/wp-json\/wp\/v2\/media?parent=12058"}],"wp:term":[{"taxonomy":"category","embeddable":true,"href":"https:\/\/vocesdebaires.com.ar\/index.php\/wp-json\/wp\/v2\/categories?post=12058"},{"taxonomy":"post_tag","embeddable":true,"href":"https:\/\/vocesdebaires.com.ar\/index.php\/wp-json\/wp\/v2\/tags?post=12058"}],"curies":[{"name":"wp","href":"https:\/\/api.w.org\/{rel}","templated":true}]}}