{"id":12076,"date":"2016-03-24T12:15:48","date_gmt":"2016-03-24T15:15:48","guid":{"rendered":"http:\/\/vocesdebaires.com.ar\/wordpress\/index.php\/2016\/03\/24\/catedral-obama-homenajeo-a-san-martin-y-victimas-de-amia-2\/"},"modified":"2016-03-24T12:15:48","modified_gmt":"2016-03-24T15:15:48","slug":"catedral-obama-homenajeo-a-san-martin-y-victimas-de-amia-2","status":"publish","type":"post","link":"https:\/\/vocesdebaires.com.ar\/index.php\/2016\/03\/24\/catedral-obama-homenajeo-a-san-martin-y-victimas-de-amia-2\/","title":{"rendered":"Catedral: Obama homenaje\u00f3 a San Mart\u00edn y v\u00edctimas de AMIA"},"content":{"rendered":"<p>\u00a0<br \/>\n\u00abBienvenido a la Catedral del papa Francisco\u00bb. Con esta frase, el rector de la Catedral Metropolitana, Alejandro Russo, recibi\u00f3 al presidente estadounidense, Barack Obama, quien en su visita al templo rindi\u00f3 homenaje a las v\u00edctimas del atentado de la AMIA y visit\u00f3 el mausoleo donde reposan los restos del general Jos\u00e9 de San Mart\u00edn.Tras trasladarse en su limousine blindada desde la Casa Rosada luego de mantener la primera actividad oficial junto al presidente Mauricio Macri, el mandatario norteamericano lleg\u00f3 a la Catedral cerca de las 14 y la recorri\u00f3 durante unos 20 minutos, en compa\u00f1\u00eda de sus funcionarios y del arzobispo de Buenos Aires, Mario Poli, adem\u00e1s de la canciller Susana Malcorra.<br \/>\nVestido completamente de rojo, propio su investidura, el mismo Poli rez\u00f3 dos oraciones, una por la paz y otra por San Mart\u00edn. En la primera, record\u00f3 \u00abel Bicentenario de la Independencia Nacional\u00bb y pidi\u00f3 por \u00abuna paz s\u00f3lida y verdadera\u00bb.Sobre San Mart\u00edn, el arzobispo mencion\u00f3 que el General \u00abfue un abnegado defensor de la causa americanista y valiente soldado en las guerras emancipadoras\u00bb.<br \/>\nLuego, Obama visit\u00f3 la tumba de San Mart\u00edn, que permaneci\u00f3 cerrada al p\u00fablico por cuestiones de seguridad y al all\u00ed, el presidente estadounidense ingres\u00f3 junto con Malcorra y deposit\u00f3 un arreglo floral en homenaje al Libertador.El recorrido continu\u00f3 junto a los obispos por los distintos sitios especiales de la Catedral, entre ellos la Capilla de la Virgen de Luj\u00e1n. En ese lugar, Poli le explic\u00f3 el sentido de la devoci\u00f3n a la Virgen de Luj\u00e1n y la relaci\u00f3n con el negro Manuel, que fue quien encontr\u00f3 la imagen de la virgen en 1684.<br \/>\nObama visit\u00f3 adem\u00e1s el mural en homenaje a las v\u00edctimas del Holocausto jud\u00edo, instalado por el fallecido cardenal Antonio Quarracino en 1997 y rindi\u00f3 un homenaje a \u00ablas v\u00edctimas de la bomba contra la comunidad jud\u00eda\u00bb en Buenos Aires \u00abhace 22 a\u00f1os\u00bb, en alusi\u00f3n al atentado a la AMIA el 18 de julio de 1994 en el que murieron 85 personas.Tambi\u00e9n observ\u00f3 la imagen del Cristo Crucificado y se detuvo unos minutos a ver el cuadro con el escudo del papa Francisco.<\/p>\n","protected":false},"excerpt":{"rendered":"<p>\u00a0 \u00abBienvenido a la Catedral del papa Francisco\u00bb. Con esta frase, el rector de la Catedral Metropolitana, Alejandro Russo, recibi\u00f3 al presidente estadounidense, Barack Obama, quien en su visita al templo rindi\u00f3 homenaje a las v\u00edctimas del atentado de la AMIA y visit\u00f3 el mausoleo donde reposan los restos del general Jos\u00e9 de San Mart\u00edn.Tras [&hellip;]<\/p>\n","protected":false},"author":2,"featured_media":10550,"comment_status":"open","ping_status":"open","sticky":false,"template":"","format":"standard","meta":{"_et_pb_use_builder":"","_et_pb_old_content":"","_et_gb_content_width":"","footnotes":""},"categories":[11,33],"tags":[],"class_list":["post-12076","post","type-post","status-publish","format-standard","has-post-thumbnail","hentry","category-ciudad","category-sociedad-y-cultura-2"],"_links":{"self":[{"href":"https:\/\/vocesdebaires.com.ar\/index.php\/wp-json\/wp\/v2\/posts\/12076"}],"collection":[{"href":"https:\/\/vocesdebaires.com.ar\/index.php\/wp-json\/wp\/v2\/posts"}],"about":[{"href":"https:\/\/vocesdebaires.com.ar\/index.php\/wp-json\/wp\/v2\/types\/post"}],"author":[{"embeddable":true,"href":"https:\/\/vocesdebaires.com.ar\/index.php\/wp-json\/wp\/v2\/users\/2"}],"replies":[{"embeddable":true,"href":"https:\/\/vocesdebaires.com.ar\/index.php\/wp-json\/wp\/v2\/comments?post=12076"}],"version-history":[{"count":0,"href":"https:\/\/vocesdebaires.com.ar\/index.php\/wp-json\/wp\/v2\/posts\/12076\/revisions"}],"wp:featuredmedia":[{"embeddable":true,"href":"https:\/\/vocesdebaires.com.ar\/index.php\/wp-json\/wp\/v2\/media\/10550"}],"wp:attachment":[{"href":"https:\/\/vocesdebaires.com.ar\/index.php\/wp-json\/wp\/v2\/media?parent=12076"}],"wp:term":[{"taxonomy":"category","embeddable":true,"href":"https:\/\/vocesdebaires.com.ar\/index.php\/wp-json\/wp\/v2\/categories?post=12076"},{"taxonomy":"post_tag","embeddable":true,"href":"https:\/\/vocesdebaires.com.ar\/index.php\/wp-json\/wp\/v2\/tags?post=12076"}],"curies":[{"name":"wp","href":"https:\/\/api.w.org\/{rel}","templated":true}]}}