{"id":12102,"date":"2016-03-21T12:19:33","date_gmt":"2016-03-21T15:19:33","guid":{"rendered":"http:\/\/vocesdebaires.com.ar\/wordpress\/index.php\/2016\/03\/21\/flores-larreta-participo-de-un-homenaje-al-papa-francisco-2\/"},"modified":"2016-03-21T12:19:33","modified_gmt":"2016-03-21T15:19:33","slug":"flores-larreta-participo-de-un-homenaje-al-papa-francisco-2","status":"publish","type":"post","link":"https:\/\/vocesdebaires.com.ar\/index.php\/2016\/03\/21\/flores-larreta-participo-de-un-homenaje-al-papa-francisco-2\/","title":{"rendered":"Flores: Larreta particip\u00f3 de un homenaje al Papa Francisco"},"content":{"rendered":"<p>\u00a0<br \/>\nEl jefe de Gobierno de la Ciudad de Buenos Aires, Horacio Rodr\u00edguez Larreta, particip\u00f3 este fin de semana ,de un homenaje al Papa Francisco en la estaci\u00f3n San Jos\u00e9 de Flores de la L\u00ednea A de subtes.Rodr\u00edguez Larreta recorri\u00f3 las instalaciones junto al Director Mundial de la fundaci\u00f3n Scholas Occurrentes, Jos\u00e9 Mar\u00eda del Corral, y ambos descubrieron dos obras con motivo del tercer aniversario del inicio del Papado de Francisco. Luego, frente a la Bas\u00edlica San Jos\u00e9 de Flores, se procedi\u00f3 al plantado de un olivo.<br \/>\nEl Jefe de Gobierno calific\u00f3 a Flores como \u201cuno de los barrios m\u00e1s hist\u00f3ricos y simb\u00f3licos de la Ciudad\u201d, aunque asegur\u00f3 que \u201cobviamente, la figura del Papa, de nuestro Papa de Flores, le dio como un realce adicional\u201d.\u201cPor eso estamos acompa\u00f1ando hoy a la gente de Scholas, que es una instituci\u00f3n muy impulsada por el Papa, que hace un trabajo de llevar un mensaje. Estamos trabajando con\u00a0 ellos en la Ciudad tambi\u00e9n para potenciar su trabajo, y ac\u00e1, en San Jos\u00e9 de Flores, en la Iglesia, por eso estoy ac\u00e1 acompa\u00f1ando\u201d, agreg\u00f3.<br \/>\nCabe destacar que San Jos\u00e9 de Flores (actual Comuna 7) es el barrio donde el Papa naci\u00f3 el 17 de diciembre de 1936 y en el que vivi\u00f3 su infancia, m\u00e1s precisamente en la casa ubicada en la calle Membrillar 533.All\u00ed, a los 17 a\u00f1os, se despert\u00f3 su vocaci\u00f3n religiosa tras una visita a los confesionarios de la hist\u00f3rica Parroquia de San Jos\u00e9 de Flores, donde muchos a\u00f1os dio misa durante la Semana Santa.<br \/>\nEl Gobierno de la Ciudad, a trav\u00e9s de Subterr\u00e1neos de Buenos Aires (SBASE), firm\u00f3 recientemente con Scholas un acuerdo de cooperaci\u00f3n en el Vaticano, con el objetivo de promover encuentros y acciones con escuelas y la comunidad en general, para fortalecer las nociones de ciudadan\u00eda y de respeto mutuo, aprovechando un medio de transporte p\u00fablico como el subte, utilizado a diario por un mill\u00f3n de personas.La fundaci\u00f3n Scholas Occurrentes es una Organizaci\u00f3n Internacional de Derecho Pontificio, aprobada y erigida por el papa Francisco desde la Ciudad del Vaticano en 2013.<br \/>\nCon sedes en el Vaticano, Argentina, Espa\u00f1a, Paraguay y Mozambique, est\u00e1 presente en 82 pa\u00edses a trav\u00e9s de su red que integra a m\u00e1s de 400 mil escuelas y centros educativos. Su misi\u00f3n es lograr la integraci\u00f3n de las comunidades, con foco en aquellas de menores recursos, a trav\u00e9s del compromiso de todos los actores sociales, integrando escuelas y redes educativas de todo el mundo a partir de propuestas tecnol\u00f3gicas, deportivas y art\u00edsticas.<br \/>\n\u00a0<\/p>\n","protected":false},"excerpt":{"rendered":"<p>\u00a0 El jefe de Gobierno de la Ciudad de Buenos Aires, Horacio Rodr\u00edguez Larreta, particip\u00f3 este fin de semana ,de un homenaje al Papa Francisco en la estaci\u00f3n San Jos\u00e9 de Flores de la L\u00ednea A de subtes.Rodr\u00edguez Larreta recorri\u00f3 las instalaciones junto al Director Mundial de la fundaci\u00f3n Scholas Occurrentes, Jos\u00e9 Mar\u00eda del Corral, [&hellip;]<\/p>\n","protected":false},"author":2,"featured_media":10599,"comment_status":"open","ping_status":"open","sticky":false,"template":"","format":"standard","meta":{"_et_pb_use_builder":"","_et_pb_old_content":"","_et_gb_content_width":"","footnotes":""},"categories":[11,33],"tags":[],"class_list":["post-12102","post","type-post","status-publish","format-standard","has-post-thumbnail","hentry","category-ciudad","category-sociedad-y-cultura-2"],"_links":{"self":[{"href":"https:\/\/vocesdebaires.com.ar\/index.php\/wp-json\/wp\/v2\/posts\/12102"}],"collection":[{"href":"https:\/\/vocesdebaires.com.ar\/index.php\/wp-json\/wp\/v2\/posts"}],"about":[{"href":"https:\/\/vocesdebaires.com.ar\/index.php\/wp-json\/wp\/v2\/types\/post"}],"author":[{"embeddable":true,"href":"https:\/\/vocesdebaires.com.ar\/index.php\/wp-json\/wp\/v2\/users\/2"}],"replies":[{"embeddable":true,"href":"https:\/\/vocesdebaires.com.ar\/index.php\/wp-json\/wp\/v2\/comments?post=12102"}],"version-history":[{"count":0,"href":"https:\/\/vocesdebaires.com.ar\/index.php\/wp-json\/wp\/v2\/posts\/12102\/revisions"}],"wp:featuredmedia":[{"embeddable":true,"href":"https:\/\/vocesdebaires.com.ar\/index.php\/wp-json\/wp\/v2\/media\/10599"}],"wp:attachment":[{"href":"https:\/\/vocesdebaires.com.ar\/index.php\/wp-json\/wp\/v2\/media?parent=12102"}],"wp:term":[{"taxonomy":"category","embeddable":true,"href":"https:\/\/vocesdebaires.com.ar\/index.php\/wp-json\/wp\/v2\/categories?post=12102"},{"taxonomy":"post_tag","embeddable":true,"href":"https:\/\/vocesdebaires.com.ar\/index.php\/wp-json\/wp\/v2\/tags?post=12102"}],"curies":[{"name":"wp","href":"https:\/\/api.w.org\/{rel}","templated":true}]}}