{"id":12109,"date":"2016-03-18T13:43:32","date_gmt":"2016-03-18T16:43:32","guid":{"rendered":"http:\/\/vocesdebaires.com.ar\/wordpress\/index.php\/2016\/03\/18\/legislatura-apoyo-a-un-acto-antinarcos-2\/"},"modified":"2016-03-18T13:43:32","modified_gmt":"2016-03-18T16:43:32","slug":"legislatura-apoyo-a-un-acto-antinarcos-2","status":"publish","type":"post","link":"https:\/\/vocesdebaires.com.ar\/index.php\/2016\/03\/18\/legislatura-apoyo-a-un-acto-antinarcos-2\/","title":{"rendered":"Legislatura: Apoyo a un acto antinarcos"},"content":{"rendered":"<p>La Legislatura porte\u00f1a expres\u00f3 su benepl\u00e1cito por \u00abel acto multipartidario organizado por intendentes y legisladores nucleados alrededor del Pacto San Antonio de Padua, que recoge los lineamientos y esencia de la Enc\u00edclica papal \u00abLaudato Si\u00bb en Plaza Lavalle con motivo de reunirse la Comisi\u00f3n Judicial de Lucha Contra el Narcotr\u00e1fico\u00bb.<br \/>\nAyer se realiz\u00f3 la reuni\u00f3n plenaria de jueces y fiscales federales convocada para definir cursos de acci\u00f3n destinados a mejorar y agilizar los procedimientos en las causas sobre narcotr\u00e1fico. Los firmantes del Pacto convocaron a una movilizaci\u00f3n multipartidaria para respaldar pol\u00edticas orientadas a combatir el narcotr\u00e1fico y preservar la vida. El punto uno de los diez, inspirados en la gu\u00eda espiritual de Francisco, habla sobre la lucha contra la problem\u00e1tica narco. El diputado Gustavo Vera (BC) es autor de la declaraci\u00f3n.<br \/>\nEl ex presidente de la Rep\u00fablica Oriental del Uruguay Jos\u00e9 Alberto Mujica Cordano fue declarado Visitante Ilustre de la Ciudad Aut\u00f3noma de Buenos Aires con motivo de su presencia para recibir el Doctorado Honoris Causa que le entregar\u00e1 en el d\u00eda de la fecha la Universidad Metropolitana para la Educaci\u00f3n y el Trabajo -UMET.<br \/>\nLuego de un balotaje, el 29 de noviembre de 2009 Mujica fue electo presidente con un porcentaje superior al 52 % de los votos emitidos. \u00c9l y su esposa viven con gran austeridad, desde hace d\u00e9cadas, en una chacra en la zona de Rinc\u00f3n del Cerro, donde se dedicaron al cultivo de flores como actividad econ\u00f3mica. Al asumir como presidente de la Rep\u00fablica Oriental del Uruguay, en vez de trasladarse a la residencia presidencial de Su\u00e1rez y Reyes, el matrimonio decidi\u00f3 permanecer en su propiedad. Concluy\u00f3 con honor su mandato en el a\u00f1o 2015. El diputado Gabriel Fuks (FpV) es autor de la iniciativa acompa\u00f1ada por sus pares Javier Andrade, Silvia Gottero, Claudio Heredia y Mar\u00eda Rosa Mui\u00f1os (FpV).<br \/>\nDistinguen a visitantes extranjeros<br \/>\nEl Cuerpo Parlamentario declar\u00f3 Hu\u00e9sped de Honor de la CABA a la Licenciada Paz Fern\u00e1ndez Felgueroso, Presidenta del Consejo de Comunidades Asturianas, \u00f3rgano consultivo del Gobierno del Principado de Asturias, quien visitar\u00e1 la ciudad entre el 6 y 12 de abril del corriente a\u00f1o. Fue tambi\u00e9n Presidenta del Instituto de Fomento Regional, Delegada del Consejo de Administraci\u00f3n en la Compa\u00f1\u00eda Telef\u00f3nica Nacional de Espa\u00f1a, Secretaria de Estado de Asuntos Penitenciarios, Vicepresidenta de la Entidad Caja de Ahorros de Asturias, Diputada en la Junta General del Principado de Asturias y Alcaldesa de Gij\u00f3n, entre otras. A lo largo de su carrera ha recibido variados honores y distinciones. El legislador Daniel Presti (PRO) impuls\u00f3 la iniciativa.<br \/>\nTambi\u00e9n Hu\u00e9sped de Honor de la Ciudad fue declarada Rosa Pavanelli, Secretaria General de la Internacional de Servicios P\u00fablicos -ISP- que re\u00fane a m\u00e1s de 20 millones de trabajadoras\/es, representados por 650 sindicatos en m\u00e1s de 150 pa\u00edses. Visitar\u00e1 Buenos Aires en los pr\u00f3ximos d\u00edas para la inaugurar la sede de la Coordinaci\u00f3n Argentina de sindicatos afiliados de la ISP. La iniciativa del diputado Claudio Heredia (PRO) fue aprobada sobre tablas.La misma distinci\u00f3n le fue asignada a los diputados del Parlamento Europeo que integran la Comisi\u00f3n de Asuntos Exteriores Elmar Brok, Javier Couso Permuy, Cristian Dan Preda, Richard Howitt, Francisco Assis, Javier Nart y Alyn Smith, quienes visitar\u00e1n nuestra ciudad el 29 y 30 de marzo de 2016. El proyecto llev\u00f3 las firmas de Carmen Polledo y Francisco Quintana (PRO).<\/p>\n","protected":false},"excerpt":{"rendered":"<p>La Legislatura porte\u00f1a expres\u00f3 su benepl\u00e1cito por \u00abel acto multipartidario organizado por intendentes y legisladores nucleados alrededor del Pacto San Antonio de Padua, que recoge los lineamientos y esencia de la Enc\u00edclica papal \u00abLaudato Si\u00bb en Plaza Lavalle con motivo de reunirse la Comisi\u00f3n Judicial de Lucha Contra el Narcotr\u00e1fico\u00bb. Ayer se realiz\u00f3 la reuni\u00f3n [&hellip;]<\/p>\n","protected":false},"author":2,"featured_media":10613,"comment_status":"open","ping_status":"open","sticky":false,"template":"","format":"standard","meta":{"_et_pb_use_builder":"","_et_pb_old_content":"","_et_gb_content_width":"","footnotes":""},"categories":[11,33],"tags":[],"class_list":["post-12109","post","type-post","status-publish","format-standard","has-post-thumbnail","hentry","category-ciudad","category-sociedad-y-cultura-2"],"_links":{"self":[{"href":"https:\/\/vocesdebaires.com.ar\/index.php\/wp-json\/wp\/v2\/posts\/12109"}],"collection":[{"href":"https:\/\/vocesdebaires.com.ar\/index.php\/wp-json\/wp\/v2\/posts"}],"about":[{"href":"https:\/\/vocesdebaires.com.ar\/index.php\/wp-json\/wp\/v2\/types\/post"}],"author":[{"embeddable":true,"href":"https:\/\/vocesdebaires.com.ar\/index.php\/wp-json\/wp\/v2\/users\/2"}],"replies":[{"embeddable":true,"href":"https:\/\/vocesdebaires.com.ar\/index.php\/wp-json\/wp\/v2\/comments?post=12109"}],"version-history":[{"count":0,"href":"https:\/\/vocesdebaires.com.ar\/index.php\/wp-json\/wp\/v2\/posts\/12109\/revisions"}],"wp:featuredmedia":[{"embeddable":true,"href":"https:\/\/vocesdebaires.com.ar\/index.php\/wp-json\/wp\/v2\/media\/10613"}],"wp:attachment":[{"href":"https:\/\/vocesdebaires.com.ar\/index.php\/wp-json\/wp\/v2\/media?parent=12109"}],"wp:term":[{"taxonomy":"category","embeddable":true,"href":"https:\/\/vocesdebaires.com.ar\/index.php\/wp-json\/wp\/v2\/categories?post=12109"},{"taxonomy":"post_tag","embeddable":true,"href":"https:\/\/vocesdebaires.com.ar\/index.php\/wp-json\/wp\/v2\/tags?post=12109"}],"curies":[{"name":"wp","href":"https:\/\/api.w.org\/{rel}","templated":true}]}}