{"id":1214,"date":"2020-08-21T03:18:34","date_gmt":"2020-08-21T06:18:34","guid":{"rendered":"http:\/\/vocesdebaires.com.ar\/wordpress\/index.php\/2020\/08\/21\/maraton-nacional-de-lectura-de-fundacion-leer\/"},"modified":"2020-08-21T03:18:34","modified_gmt":"2020-08-21T06:18:34","slug":"maraton-nacional-de-lectura-de-fundacion-leer","status":"publish","type":"post","link":"https:\/\/vocesdebaires.com.ar\/index.php\/2020\/08\/21\/maraton-nacional-de-lectura-de-fundacion-leer\/","title":{"rendered":"Marat\u00f3n Nacional de lectura de Fundaci\u00f3n leer"},"content":{"rendered":"<p>El 25 de septiembre llega una nueva y renovada edici\u00f3n de la Marat\u00f3n Nacional de Lecturade Fundaci\u00f3n Leer. Chicos, j\u00f3venes y adultos en todas las regiones de la Argentina celebrar\u00e1n leyendo ese d\u00eda y participando de diferentes experiencias: una plataforma virtual ser\u00e1 el escenario donde disfrutar de talleres y actividades con autores, ilustradores y referentes del mundo de la literatura. Tambi\u00e9n encontrar\u00e1n m\u00e1s de 100 libros digitales para todas las edades.\u00a0 \u00a0En tiempos de pandemia y sin conocer a\u00fan el cronograma de regreso a clases\u00a0 la Marat\u00f3n Nacional de Lectura no se detiene y se prepara, una vez m\u00e1s, para que el pr\u00f3ximo 25 de septiembre sea una verdadera fiesta que refleje desde todos los rincones del pa\u00eds la importancia de la lectura en la educaci\u00f3n de los ni\u00f1os. <\/p>\n<p>El a\u00f1o pasado participaron m\u00e1s de seis millones de chicos, j\u00f3venes y adultos. En esta edici\u00f3n -ya sea desde sus hogares o desde las aulas si vuelven a clases- los chicos y sus docentes podr\u00e1n acceder de forma gratuita a una plataforma virtual, segura y de f\u00e1cil uso donde encontrar\u00e1n una din\u00e1mica agenda a lo largo del d\u00eda con entrevistas en vivo con reconocidos autores, talleres con ilustradores, actividades con escritores, narradores y juegos para entusiasmarse con el maravilloso mundo de los libros.<\/p>\n<p>A las experiencias se le sumar\u00e1n m\u00e1s de 100 libros digitales en l\u00ednea de los m\u00e1s reconocidos autores y editoriales que estar\u00e1n disponibles para leer durante toda la semana de la Marat\u00f3n. As\u00ed, los chicos podr\u00e1n encontrar propuestas divertidas para todas las edades que los har\u00e1n viajar por diversas historias.\u00a0 El a\u00f1o escolar se transform\u00f3 y la 18.a Marat\u00f3n Nacional de Lectura de Fundaci\u00f3n Leer se prepara para potenciar lo mejor de esta celebraci\u00f3n. \u00a1Ya hay miles de ni\u00f1os, j\u00f3venes, docentes e instituciones de todo el pa\u00eds que se est\u00e1n preparando para celebrar!\u00a0 Las instituciones que convocan a ni\u00f1os y j\u00f3venes pueden inscribirse en:\u00a0 <a href=\"https:\/\/maraton.leer.org\/Inscribite\/Inscripcion\">https:\/\/maraton.leer.org\/Inscribite\/Inscripcion<\/a><\/p>\n<p><a href=\"mailto:comunicaciones@leer.org.ar\">comunicaciones@leer.org.ar<\/a> 5811-1109 int 107 <a href=\"http:\/\/www.leer.org.ar\">www.leer.org.ar<\/a><\/p>\n","protected":false},"excerpt":{"rendered":"<p>El 25 de septiembre llega una nueva y renovada edici\u00f3n de la Marat\u00f3n Nacional de Lecturade Fundaci\u00f3n Leer. Chicos, j\u00f3venes y adultos en todas las regiones de la Argentina celebrar\u00e1n leyendo ese d\u00eda y participando de diferentes experiencias: una plataforma virtual ser\u00e1 el escenario donde disfrutar de talleres y actividades con autores, ilustradores y referentes [&hellip;]<\/p>\n","protected":false},"author":1,"featured_media":1215,"comment_status":"open","ping_status":"open","sticky":false,"template":"","format":"standard","meta":{"_et_pb_use_builder":"","_et_pb_old_content":"","_et_gb_content_width":"","footnotes":""},"categories":[11,33],"tags":[],"class_list":["post-1214","post","type-post","status-publish","format-standard","has-post-thumbnail","hentry","category-ciudad","category-sociedad-y-cultura-2"],"_links":{"self":[{"href":"https:\/\/vocesdebaires.com.ar\/index.php\/wp-json\/wp\/v2\/posts\/1214"}],"collection":[{"href":"https:\/\/vocesdebaires.com.ar\/index.php\/wp-json\/wp\/v2\/posts"}],"about":[{"href":"https:\/\/vocesdebaires.com.ar\/index.php\/wp-json\/wp\/v2\/types\/post"}],"author":[{"embeddable":true,"href":"https:\/\/vocesdebaires.com.ar\/index.php\/wp-json\/wp\/v2\/users\/1"}],"replies":[{"embeddable":true,"href":"https:\/\/vocesdebaires.com.ar\/index.php\/wp-json\/wp\/v2\/comments?post=1214"}],"version-history":[{"count":0,"href":"https:\/\/vocesdebaires.com.ar\/index.php\/wp-json\/wp\/v2\/posts\/1214\/revisions"}],"wp:featuredmedia":[{"embeddable":true,"href":"https:\/\/vocesdebaires.com.ar\/index.php\/wp-json\/wp\/v2\/media\/1215"}],"wp:attachment":[{"href":"https:\/\/vocesdebaires.com.ar\/index.php\/wp-json\/wp\/v2\/media?parent=1214"}],"wp:term":[{"taxonomy":"category","embeddable":true,"href":"https:\/\/vocesdebaires.com.ar\/index.php\/wp-json\/wp\/v2\/categories?post=1214"},{"taxonomy":"post_tag","embeddable":true,"href":"https:\/\/vocesdebaires.com.ar\/index.php\/wp-json\/wp\/v2\/tags?post=1214"}],"curies":[{"name":"wp","href":"https:\/\/api.w.org\/{rel}","templated":true}]}}