{"id":12197,"date":"2016-09-28T09:51:04","date_gmt":"2016-09-28T12:51:04","guid":{"rendered":"http:\/\/vocesdebaires.com.ar\/wordpress\/index.php\/2016\/09\/28\/basura-cero-reivindican-el-trabajo-de-los-recicladores\/"},"modified":"2016-09-28T09:51:04","modified_gmt":"2016-09-28T12:51:04","slug":"basura-cero-reivindican-el-trabajo-de-los-recicladores","status":"publish","type":"post","link":"https:\/\/vocesdebaires.com.ar\/index.php\/2016\/09\/28\/basura-cero-reivindican-el-trabajo-de-los-recicladores\/","title":{"rendered":"Basura cero: Reivindican el trabajo de los recicladores"},"content":{"rendered":"<p>Especialistas en residuos y cuidado del medio ambiente volvieron a analizar ayer por la tarde , en la Legislatura porte\u00f1a, el sistema de reciclado de basura seca de la Ciudad de Buenos Aires y ponderaron como altamente positiva la labor que desarrollan los m\u00e1s de 5.000 \u00abcartoneros\u00bb formalizados que act\u00faan a trav\u00e9s de cooperativas.\u00a0Ayer \u00a0fue la tercera reuni\u00f3n de ese tipo organizada por la comisi\u00f3n de Ambiente, que preside la diputada In\u00e9s Gorbea (Suma+), con el prop\u00f3sito de analizar la situaci\u00f3n del servicio de recolecci\u00f3n de residuos secos y del marco legal a trav\u00e9s del cual se regula la actividad, cuando est\u00e1n pr\u00f3ximos a vencer los contratos suscriptos entre la CABA y las cooperativas.<\/p>\n<p>Las deliberaciones se realizaron en el sal\u00f3n Presidente Per\u00f3n, con la presencia del legislador Adri\u00e1n Camps (PSA) y la participaci\u00f3n de Gonzalo Roqu\u00e9, de la Fundaci\u00f3n AVINA; Pablo Schamber, antrop\u00f3logo y etn\u00f3grafo de los cartoneros; Alejandra Reich, del Programa UBA Verde; Pablo Wisznienski, urbanista y uno de los redactores de la ley de Basura Cero;\u00a0 Francisco Su\u00e1rez, autor de un estudio sobre actores sociales y gesti\u00f3n de residuos; Nadia Mazzeo, especialista en tecnolog\u00edas para residuos s\u00f3lidos urbanos del INTI; representantes del Instituto de Ingenier\u00eda Sanitaria de la UBA; Mart\u00edn Scaraville, estudioso del impacto ambiental en los Centros de Clasificaci\u00f3n, y Mar\u00eda Senmartin, directora de la Ciencias Ambientales de la UBA.<\/p>\n<p>En un encuentro anterior, los diputados de la Comisi\u00f3n de Ambiente se hab\u00edan reunido con representantes de las cooperativas de reciclado. Se plantearon diversas dificultades, problemas y fallas del sistema, pero a la vez se sostuvo que es un mecanismo \u00ab\u00fanico en el mundo\u00bb, si se tiene en cuenta la magnitud de Buenos Aires, y muy importante en sus resultados, si se considera que con el \u00abcirujeo\u00bb se recuperan alrededor del 20 por ciento de los residuos s\u00f3lidos, seg\u00fan estimaciones aproximadas porque no hay c\u00e1lculos exactos. Entre los cuestionamientos se plante\u00f3 \u00abcierto debilitamiento del \u00e1rea que debe controlar el cumplimiento del servicio\u00bb y \u00ablos problemas que afrontan las cooperativas por falta de capital para invertir en infraestructura o log\u00edstica\u00bb. Estas limitaciones se pueden demostrar porque la cantidad de recicladores no se ha incrementado en los \u00faltimos tres a\u00f1os, se indic\u00f3.<\/p>\n<p>Se dijo en la reuni\u00f3n que hay \u00abfalencias\u00bb y \u00abfallas de funcionamiento\u00bb que deben ser analizadas para llegar a \u00abpropuestas superadoras\u00bb, pero hubo coincidencia en que el sistema de de gran utilidad y muy bajo costo, por lo que se rechaza cualquier eventual alternativa de concesionar o privatizar en empresas este servicio de reciclado de residuos secos. \u00abDebemos implementar una pol\u00edtica p\u00fablica porque el sistema, a pesar de sus falencias, es eficiente, es menos costoso que otras alternativas como la privatizaci\u00f3n y es sustentable con inclusi\u00f3n social. Esta es la pol\u00edtica p\u00fablica de inclusi\u00f3n social m\u00e1s exitosa de la CABA\u00bb, enfatiz\u00f3 el representante de la fundaci\u00f3n AVINA.<\/p>\n<p>Se indic\u00f3 que en todas las grandes ciudades del mundo el tema de la basura es \u00abun problema ambiental y presupuestario\u00bb, que consume entre el 20 y el 40 de las erogaciones de grandes municipios. Por eso se acord\u00f3 \u00abmaximizar el potencial de los recicladores\u00bb a los que se pondera como \u00abuna fuerza de trabajo al servicio del medio ambiente, la sustentabilidad y la inclusi\u00f3n social\u00bb.El antrop\u00f3logo Schamber coincidi\u00f3 en que \u00ablo que hoy tenemos en la Ciudad, que es \u00fanico en el mundo, debe ser el piso o base para mejorar el sistema de reciclado con inclusi\u00f3n social. Hay que mejorar, superar las fallas y debilidades y tener la meta de ampliar el sistema\u00bb, concluy\u00f3.<\/p>\n","protected":false},"excerpt":{"rendered":"<p>Especialistas en residuos y cuidado del medio ambiente volvieron a analizar ayer por la tarde , en la Legislatura porte\u00f1a, el sistema de reciclado de basura seca de la Ciudad de Buenos Aires y ponderaron como altamente positiva la labor que desarrollan los m\u00e1s de 5.000 \u00abcartoneros\u00bb formalizados que act\u00faan a trav\u00e9s de cooperativas.\u00a0Ayer \u00a0fue [&hellip;]<\/p>\n","protected":false},"author":2,"featured_media":12198,"comment_status":"open","ping_status":"open","sticky":false,"template":"","format":"standard","meta":{"_et_pb_use_builder":"","_et_pb_old_content":"","_et_gb_content_width":"","footnotes":""},"categories":[11,32],"tags":[],"class_list":["post-12197","post","type-post","status-publish","format-standard","has-post-thumbnail","hentry","category-ciudad","category-comunas"],"_links":{"self":[{"href":"https:\/\/vocesdebaires.com.ar\/index.php\/wp-json\/wp\/v2\/posts\/12197"}],"collection":[{"href":"https:\/\/vocesdebaires.com.ar\/index.php\/wp-json\/wp\/v2\/posts"}],"about":[{"href":"https:\/\/vocesdebaires.com.ar\/index.php\/wp-json\/wp\/v2\/types\/post"}],"author":[{"embeddable":true,"href":"https:\/\/vocesdebaires.com.ar\/index.php\/wp-json\/wp\/v2\/users\/2"}],"replies":[{"embeddable":true,"href":"https:\/\/vocesdebaires.com.ar\/index.php\/wp-json\/wp\/v2\/comments?post=12197"}],"version-history":[{"count":0,"href":"https:\/\/vocesdebaires.com.ar\/index.php\/wp-json\/wp\/v2\/posts\/12197\/revisions"}],"wp:featuredmedia":[{"embeddable":true,"href":"https:\/\/vocesdebaires.com.ar\/index.php\/wp-json\/wp\/v2\/media\/12198"}],"wp:attachment":[{"href":"https:\/\/vocesdebaires.com.ar\/index.php\/wp-json\/wp\/v2\/media?parent=12197"}],"wp:term":[{"taxonomy":"category","embeddable":true,"href":"https:\/\/vocesdebaires.com.ar\/index.php\/wp-json\/wp\/v2\/categories?post=12197"},{"taxonomy":"post_tag","embeddable":true,"href":"https:\/\/vocesdebaires.com.ar\/index.php\/wp-json\/wp\/v2\/tags?post=12197"}],"curies":[{"name":"wp","href":"https:\/\/api.w.org\/{rel}","templated":true}]}}