{"id":12201,"date":"2016-09-27T13:43:10","date_gmt":"2016-09-27T16:43:10","guid":{"rendered":"http:\/\/vocesdebaires.com.ar\/wordpress\/index.php\/2016\/09\/27\/acuerdan-la-regulacion-de-eventos-recreativos-masivos-en-la-ciudad\/"},"modified":"2016-09-27T13:43:10","modified_gmt":"2016-09-27T16:43:10","slug":"acuerdan-la-regulacion-de-eventos-recreativos-masivos-en-la-ciudad","status":"publish","type":"post","link":"https:\/\/vocesdebaires.com.ar\/index.php\/2016\/09\/27\/acuerdan-la-regulacion-de-eventos-recreativos-masivos-en-la-ciudad\/","title":{"rendered":"Acuerdan la regulaci\u00f3n de eventos recreativos masivos en la ciudad"},"content":{"rendered":"<p>Los legisladores\u00a0 de la Ciudad Aut\u00f3noma de Buenos Aires con la firma de un dictamen conjunto de tres comisiones asesoras avanzaron para que en el recinto se debata la regulaci\u00f3n de eventos de recreaci\u00f3n masivos. El dictamen de las comisiones de Seguridad, Salud y Desarrollo Econ\u00f3mico persigue establecer herramientas e instrumentos espec\u00edficos para el cuidado de los asistentes a los eventos masivos de m\u00fasica electr\u00f3nica. El proyecto plantea la instrumentaci\u00f3n de un plan permanente dirigido a asegurar la presencia estatal en eventos que congreguen especialmente a los j\u00f3venes, fortalece las disposiciones vigentes e introduce condiciones nuevas.<\/p>\n<p>La propuesta parlamentaria apunta al dise\u00f1o de estrategias comunes desde los diferentes actores que intervienen en la realizaci\u00f3n de este tipo de eventos. El proyecto de ley contempla disminuir los riesgos asociados al consumo de drogas \u00absint\u00e9ticas\u00bb o de \u00abdise\u00f1o\u00bb utilizadas con fines recreativos y que producen una variedad de efectos psicoactivos, como la estimulaci\u00f3n y alteraciones de la percepci\u00f3n, pudiendo producir emergencias m\u00e9dicas graves con alta morbimortalidad.Adem\u00e1s, implica a los agentes de seguridad y del personal del local en la prevenci\u00f3n de riesgos, asegura la atenci\u00f3n sanitaria adecuada a los usuarios, concientiza sobre los riesgos asociados al consumo de drogas y regula las condiciones ambientales de los locales en relaci\u00f3n a la seguridad sanitaria, entre otros aspectos.<\/p>\n<p>El acuerdo, superador de todas las iniciativas presentadas, se logr\u00f3 al cabo de una reuni\u00f3n efectuada este mediod\u00eda en el Sal\u00f3n \u00abCiudad de Montevideo\u00bb situado en la planta baja de la sede parlamentaria. El encuentro fue presidido por el titular de la Comisi\u00f3n de Seguridad, Juan Pablo Arenaza (Pro) quien estuvo secundado por sus pares de Salud, Victoria Rold\u00e1n M\u00e9ndez (Pro) y de Desarrollo Econ\u00f3mico, MerCoSur y pol\u00edticas de empleo, Gabriel Fuks (FpV).<\/p>\n<p>Adem\u00e1s, asistieron la Vicepresidente Primero del Cuerpo parlamentario, Carmen Polledo; el titular del bloque oficialista, Francisco Quintana; Mercedes De las Casas, Alejandro Garc\u00eda, Daniel Presti, Cecilia De la Torre, Agust\u00edn Forchieri, Paula Villalba, Omar Abboud, Octavio Calder\u00f3n, Lia Rueda, Christian Bauab, Gabriel Sahonero, Jian Ping Yuan y Claudia Calciano (Pro). Y los legisladores de la oposici\u00f3n Paula Oliveto Lago (CC-ARI), Mar\u00eda In\u00e9s Gorbea(SUMA+), Gustavo Vera (BC), Graciela Oca\u00f1a (CP), Marcelo Ramal (FIT), Paula Penacca, Mar\u00eda Conde, Jos\u00e9 Campagnoli, Lorena Pokoik (FpV) y Claudio Heredia (BP). El presidente de la Comisi\u00f3n de Justicia, diputado Presti, en su intervenci\u00f3n manifest\u00f3 que \u00abel texto del dictamen que se firmar\u00e1 hoy quedar\u00e1 abierto a nuevas modificaciones con el fin de ampliar el consenso hasta el pr\u00f3ximo jueves en que ser\u00e1 tratado en el recinto\u00bb.<\/p>\n<p>El 27 de abril pasado, d\u00edas despu\u00e9s que en el evento \u00abTime Ward Buenos Aires\u00bb efectuado en Costa Salguero murieran cinco j\u00f3venes, el Jefe de Gobierno Horacio Rodr\u00edguez Larreta, envi\u00f3 a la Legislatura un proyecto de ley al que se agregaron otros impulsados por legisladores de diversas bancadas, entre ellos de las\/os diputadas\/os Mar\u00eda Rosa Mui\u00f1os, Silvia Gottero (BP), Gabriel Fuks, Pablo Ferreyra, Claudio Heredia, Jos\u00e9 Campagnoli, Mar\u00eda Conde, Paula Penacca, Carlos Tomada (FpV), Javier Gentilini (FR), Roy Cortina, Hern\u00e1n Arce (PS), Adri\u00e1n Camps (PSA), Maximiliano Ferraro (CC-ARI), Mar\u00eda In\u00e9s Gorbea, Juan Nosiglia, Hern\u00e1n Rossi, Mar\u00eda Vischi, Marcelo Guouman (SUMA+), Juan Pablo Arenaza, Carmen Polledo, Jos\u00e9 Luis Acevedo, Daniel Presti, Francisco Quintana, Victoria Rold\u00e1n M\u00e9ndez, Octavio Calder\u00f3n, Mercedes De las Casas (Pro) e incluso uno de la Defensor\u00eda del Pueblo.<\/p>\n<p>Sumado a otras tragedias evitables acontecidas despu\u00e9s de \u00abRep\u00fablica Croma\u00f1\u00f3n\u00bb el 30 de diciembre de 2004, se abri\u00f3 la discusi\u00f3n pol\u00edtica respecto al rol de los controles del Estado sobre los establecimientos de recreaci\u00f3n nocturna. En este sentido la Defensor\u00eda manifest\u00f3 que \u00abes el Estado el que debe garantizar la vida, la salud, la seguridad y la libertad de las personas, supremac\u00edas que jam\u00e1s pueden quedar al arbitrio de organizaciones comerciales y menos en manos de quienes utilizan el contexto de la nocturnidad para probar los efectos de drogas de dise\u00f1o con innovadoras sustancias de corte en j\u00f3venes y adolescentes, induci\u00e9ndolos al consumo y enriqueci\u00e9ndose con su comercializaci\u00f3n\u00bb.<\/p>\n","protected":false},"excerpt":{"rendered":"<p>Los legisladores\u00a0 de la Ciudad Aut\u00f3noma de Buenos Aires con la firma de un dictamen conjunto de tres comisiones asesoras avanzaron para que en el recinto se debata la regulaci\u00f3n de eventos de recreaci\u00f3n masivos. El dictamen de las comisiones de Seguridad, Salud y Desarrollo Econ\u00f3mico persigue establecer herramientas e instrumentos espec\u00edficos para el cuidado [&hellip;]<\/p>\n","protected":false},"author":2,"featured_media":12202,"comment_status":"open","ping_status":"open","sticky":false,"template":"","format":"standard","meta":{"_et_pb_use_builder":"","_et_pb_old_content":"","_et_gb_content_width":"","footnotes":""},"categories":[11,33],"tags":[],"class_list":["post-12201","post","type-post","status-publish","format-standard","has-post-thumbnail","hentry","category-ciudad","category-sociedad-y-cultura-2"],"_links":{"self":[{"href":"https:\/\/vocesdebaires.com.ar\/index.php\/wp-json\/wp\/v2\/posts\/12201"}],"collection":[{"href":"https:\/\/vocesdebaires.com.ar\/index.php\/wp-json\/wp\/v2\/posts"}],"about":[{"href":"https:\/\/vocesdebaires.com.ar\/index.php\/wp-json\/wp\/v2\/types\/post"}],"author":[{"embeddable":true,"href":"https:\/\/vocesdebaires.com.ar\/index.php\/wp-json\/wp\/v2\/users\/2"}],"replies":[{"embeddable":true,"href":"https:\/\/vocesdebaires.com.ar\/index.php\/wp-json\/wp\/v2\/comments?post=12201"}],"version-history":[{"count":0,"href":"https:\/\/vocesdebaires.com.ar\/index.php\/wp-json\/wp\/v2\/posts\/12201\/revisions"}],"wp:featuredmedia":[{"embeddable":true,"href":"https:\/\/vocesdebaires.com.ar\/index.php\/wp-json\/wp\/v2\/media\/12202"}],"wp:attachment":[{"href":"https:\/\/vocesdebaires.com.ar\/index.php\/wp-json\/wp\/v2\/media?parent=12201"}],"wp:term":[{"taxonomy":"category","embeddable":true,"href":"https:\/\/vocesdebaires.com.ar\/index.php\/wp-json\/wp\/v2\/categories?post=12201"},{"taxonomy":"post_tag","embeddable":true,"href":"https:\/\/vocesdebaires.com.ar\/index.php\/wp-json\/wp\/v2\/tags?post=12201"}],"curies":[{"name":"wp","href":"https:\/\/api.w.org\/{rel}","templated":true}]}}