{"id":12211,"date":"2016-09-27T13:05:01","date_gmt":"2016-09-27T16:05:01","guid":{"rendered":"http:\/\/vocesdebaires.com.ar\/wordpress\/index.php\/2016\/09\/27\/paro-nacional-docente-movilizacion-de-congreso-al-palacio-pizzurno\/"},"modified":"2016-09-27T13:05:01","modified_gmt":"2016-09-27T16:05:01","slug":"paro-nacional-docente-movilizacion-de-congreso-al-palacio-pizzurno","status":"publish","type":"post","link":"https:\/\/vocesdebaires.com.ar\/index.php\/2016\/09\/27\/paro-nacional-docente-movilizacion-de-congreso-al-palacio-pizzurno\/","title":{"rendered":"Paro nacional docente: Movilizaci\u00f3n de Congreso al Palacio Pizzurno"},"content":{"rendered":"<p>Romina Del Pl\u00e1\u00a0 \u00abVamos al paro nacional por la reapertura de las paritarias, contra la evaluaci\u00f3n educativa y en defensa de nuestras jubilaciones\u00bb As\u00ed lo expres\u00f3 la Secretaria General del Suteba La Matanza y Dirigente de Tribuna Docente, en relaci\u00f3n al conflicto docente que confluir\u00e1 con los paros de judiciales, estatales y m\u00e9dicos de todo el pa\u00eds. Y continu\u00f3: \u00abEn el marco del paro nos vamos a movilizar al Ministerio Nacional de Educaci\u00f3n para exigir un salario b\u00e1sico de 12 mil pesos, sin ninguna suma en negro, para defender nuestras jubilaciones, nos vamos a manifestar por la anulaci\u00f3n del Operativo Aprender 2016 y por la resoluci\u00f3n de todos los problemas de infraestructura escolar\u00bb.<\/p>\n<p>Amelia Garc\u00eda, Sec. Gral. De\u00a0 Suteba La Plata, por otro lado se\u00f1al\u00f3: \u00abLos Sutebas Combativos en nuestro Plenario de Delegados de Escuela con Mandato convocamos a parar y a confluir con los estatales. Esta decisi\u00f3n sumada a los conflictos en desarrollo como el de C\u00f3rdoba, oblig\u00f3 a Ctera al paro nacional\u00bb. A su vez, Luciano C\u00e1ceres, delegado seccional adjunto de AMSAFE Rosario, manifest\u00f3: \u00abEste paro nacional es la primera advertencia de conjunto contra la armonizaci\u00f3n jubilatoria votada por todos los bloques patronales para liquidar las conquistas\u00a0 de las cajas provinciales. Tambi\u00e9n estamos exigi\u00e9ndole a CTERA la continuidad de acciones de lucha y a las centrales obreras un paro activo nacional y un verdadero plan de lucha de inmediato para derrotar el ajuste\u201d. Para finalizar, el Sec Adjunto de ADEMYS, sindicato docente de CABA, indic\u00f3 en relaci\u00f3n a otro de los motivos de la medida: \u00abLa pretensi\u00f3n del gobierno de imponer la evaluaci\u00f3n educativa ya ha generado que se est\u00e9n desarrollando asambleas zonales, donde los docentes se manifiestan por la anulaci\u00f3n de la evaluaci\u00f3n externa privatista, tendiente a imponer el ranking de escuelas, el salario por m\u00e9rito y a una educaci\u00f3n de primera para algunos y de cuarta para la mayor\u00eda\u00bb.<\/p>\n","protected":false},"excerpt":{"rendered":"<p>Romina Del Pl\u00e1\u00a0 \u00abVamos al paro nacional por la reapertura de las paritarias, contra la evaluaci\u00f3n educativa y en defensa de nuestras jubilaciones\u00bb As\u00ed lo expres\u00f3 la Secretaria General del Suteba La Matanza y Dirigente de Tribuna Docente, en relaci\u00f3n al conflicto docente que confluir\u00e1 con los paros de judiciales, estatales y m\u00e9dicos de todo [&hellip;]<\/p>\n","protected":false},"author":2,"featured_media":12212,"comment_status":"open","ping_status":"open","sticky":false,"template":"","format":"standard","meta":{"_et_pb_use_builder":"","_et_pb_old_content":"","_et_gb_content_width":"","footnotes":""},"categories":[11,33],"tags":[],"class_list":["post-12211","post","type-post","status-publish","format-standard","has-post-thumbnail","hentry","category-ciudad","category-sociedad-y-cultura-2"],"_links":{"self":[{"href":"https:\/\/vocesdebaires.com.ar\/index.php\/wp-json\/wp\/v2\/posts\/12211"}],"collection":[{"href":"https:\/\/vocesdebaires.com.ar\/index.php\/wp-json\/wp\/v2\/posts"}],"about":[{"href":"https:\/\/vocesdebaires.com.ar\/index.php\/wp-json\/wp\/v2\/types\/post"}],"author":[{"embeddable":true,"href":"https:\/\/vocesdebaires.com.ar\/index.php\/wp-json\/wp\/v2\/users\/2"}],"replies":[{"embeddable":true,"href":"https:\/\/vocesdebaires.com.ar\/index.php\/wp-json\/wp\/v2\/comments?post=12211"}],"version-history":[{"count":0,"href":"https:\/\/vocesdebaires.com.ar\/index.php\/wp-json\/wp\/v2\/posts\/12211\/revisions"}],"wp:featuredmedia":[{"embeddable":true,"href":"https:\/\/vocesdebaires.com.ar\/index.php\/wp-json\/wp\/v2\/media\/12212"}],"wp:attachment":[{"href":"https:\/\/vocesdebaires.com.ar\/index.php\/wp-json\/wp\/v2\/media?parent=12211"}],"wp:term":[{"taxonomy":"category","embeddable":true,"href":"https:\/\/vocesdebaires.com.ar\/index.php\/wp-json\/wp\/v2\/categories?post=12211"},{"taxonomy":"post_tag","embeddable":true,"href":"https:\/\/vocesdebaires.com.ar\/index.php\/wp-json\/wp\/v2\/tags?post=12211"}],"curies":[{"name":"wp","href":"https:\/\/api.w.org\/{rel}","templated":true}]}}