{"id":12220,"date":"2016-09-26T10:00:50","date_gmt":"2016-09-26T13:00:50","guid":{"rendered":"http:\/\/vocesdebaires.com.ar\/wordpress\/index.php\/2016\/09\/26\/ocana-encabezo-los-festejos-por-el-dia-del-jubilado\/"},"modified":"2016-09-26T10:00:50","modified_gmt":"2016-09-26T13:00:50","slug":"ocana-encabezo-los-festejos-por-el-dia-del-jubilado","status":"publish","type":"post","link":"https:\/\/vocesdebaires.com.ar\/index.php\/2016\/09\/26\/ocana-encabezo-los-festejos-por-el-dia-del-jubilado\/","title":{"rendered":"Oca\u00f1a encabez\u00f3 los festejos por el D\u00eda del Jubilado"},"content":{"rendered":"<p>Hubo m\u00fasica y baile a cargo de los Centros de Jubilados que integran el Foro de la Tercera Edad. Participaron Horacio Rodr\u00edguez Larreta y Diego Santilli.El Foro de la Tercera Edad, que preside la diputada Graciela Oca\u00f1a (Confianza P\u00fablica)\u00a0 que se realiz\u00f3\u00a0 el viernes pasado , en una jornada de festejos por el D\u00eda del Jubilado, con m\u00fasica, bailes y presentaciones de teatro. El evento cont\u00f3 con la presencia del jefe de Gobierno Horacio Rodr\u00edguez Larreta, el vicejefe Diego Santilli y autoridades de la Legislatura porte\u00f1a.<\/p>\n<p>\u201cDesde el foro estamos comprometidos a llevar adelante propuestas para mejorar la vida de los adultos mayores\u201d afirm\u00f3 Oca\u00f1a en el Sal\u00f3n Dorado del palacio legislativo, en compa\u00f1\u00eda las integrantes del Foro Claudia Calciano (Pro) y\u00a0 Silvia Gottero (BP) y de la vicepresidente I\u00ba de la Legislatura, Carmen Polledo.Por su parte, Larreta agradeci\u00f3 a los representantes de los Centros de Jubilados por su labor solidaria y destac\u00f3 que \u201ctodos los espacios pol\u00edticos estamos trabajando\u201d por su bienestar. Asimismo, subray\u00f3 la importancia que tendr\u00e1 la ayuda econ\u00f3mica que el Ejecutivo les destinar\u00e1 (mediante el decreto 486\/16) para que puedan sostener y desarrollar sus actividades.<\/p>\n<p>Las celebraciones, que comenzaron a las 11 de la ma\u00f1ana y se extendieron hasta pasadas las 3 de la tarde, incluyeron presentaciones de los Centros que integran el Foro: sketches del Centro Norma Pl\u00e1, show de baile del grupo La Bicicleta, espect\u00e1culo de folklore del Centro Ruca Mal\u00e9n y canto coral del Centro Rinc\u00f3n de la Alegr\u00eda, entre muchos otros. El Foro de la Tercera Edad es una comisi\u00f3n se re\u00fane mensualmente a lo largo del a\u00f1o, para debatir diferentes temas de inter\u00e9s y elaborar proyectos que luego ser\u00e1n presentados en el recinto.<\/p>\n","protected":false},"excerpt":{"rendered":"<p>Hubo m\u00fasica y baile a cargo de los Centros de Jubilados que integran el Foro de la Tercera Edad. Participaron Horacio Rodr\u00edguez Larreta y Diego Santilli.El Foro de la Tercera Edad, que preside la diputada Graciela Oca\u00f1a (Confianza P\u00fablica)\u00a0 que se realiz\u00f3\u00a0 el viernes pasado , en una jornada de festejos por el D\u00eda del [&hellip;]<\/p>\n","protected":false},"author":2,"featured_media":12221,"comment_status":"open","ping_status":"open","sticky":false,"template":"","format":"standard","meta":{"_et_pb_use_builder":"","_et_pb_old_content":"","_et_gb_content_width":"","footnotes":""},"categories":[11,33],"tags":[],"class_list":["post-12220","post","type-post","status-publish","format-standard","has-post-thumbnail","hentry","category-ciudad","category-sociedad-y-cultura-2"],"_links":{"self":[{"href":"https:\/\/vocesdebaires.com.ar\/index.php\/wp-json\/wp\/v2\/posts\/12220"}],"collection":[{"href":"https:\/\/vocesdebaires.com.ar\/index.php\/wp-json\/wp\/v2\/posts"}],"about":[{"href":"https:\/\/vocesdebaires.com.ar\/index.php\/wp-json\/wp\/v2\/types\/post"}],"author":[{"embeddable":true,"href":"https:\/\/vocesdebaires.com.ar\/index.php\/wp-json\/wp\/v2\/users\/2"}],"replies":[{"embeddable":true,"href":"https:\/\/vocesdebaires.com.ar\/index.php\/wp-json\/wp\/v2\/comments?post=12220"}],"version-history":[{"count":0,"href":"https:\/\/vocesdebaires.com.ar\/index.php\/wp-json\/wp\/v2\/posts\/12220\/revisions"}],"wp:featuredmedia":[{"embeddable":true,"href":"https:\/\/vocesdebaires.com.ar\/index.php\/wp-json\/wp\/v2\/media\/12221"}],"wp:attachment":[{"href":"https:\/\/vocesdebaires.com.ar\/index.php\/wp-json\/wp\/v2\/media?parent=12220"}],"wp:term":[{"taxonomy":"category","embeddable":true,"href":"https:\/\/vocesdebaires.com.ar\/index.php\/wp-json\/wp\/v2\/categories?post=12220"},{"taxonomy":"post_tag","embeddable":true,"href":"https:\/\/vocesdebaires.com.ar\/index.php\/wp-json\/wp\/v2\/tags?post=12220"}],"curies":[{"name":"wp","href":"https:\/\/api.w.org\/{rel}","templated":true}]}}