{"id":12234,"date":"2016-09-23T13:44:07","date_gmt":"2016-09-23T16:44:07","guid":{"rendered":"http:\/\/vocesdebaires.com.ar\/wordpress\/index.php\/2016\/09\/23\/impulsan-denominar-las-comunas-por-consulta-popular\/"},"modified":"2016-09-23T13:44:07","modified_gmt":"2016-09-23T16:44:07","slug":"impulsan-denominar-las-comunas-por-consulta-popular","status":"publish","type":"post","link":"https:\/\/vocesdebaires.com.ar\/index.php\/2016\/09\/23\/impulsan-denominar-las-comunas-por-consulta-popular\/","title":{"rendered":"Impulsan  denominar las Comunas por Consulta Popular"},"content":{"rendered":"<p>Mediante una declaraci\u00f3n aprobada hoy el Cuerpo legislativo porte\u00f1o manifest\u00f3 que \u00abver\u00eda con inter\u00e9s que las Juntas Comunales de esta Ciudad inicien el proceso previstos por el Cap\u00edtulo 3, art\u00edculo 6\u00b0 (Territorialidad e identidad) de la Ley 1.777 para lograr la denominaci\u00f3n correspondiente a cada una de las comunas\u00bb. El articulado establece que las Comunas se identifican num\u00e9ricamente \u00abhasta tanto los electores de cada una definan su denominaci\u00f3n mediante consulta popular convocada por la Junta Comunal. Concluido el proceso de consulta, la Junta Comunal emitir\u00e1 un proyecto de ley con la denominaci\u00f3n propuesta, para su tratamiento por la Legislatura de la Ciudad\u201d.<\/p>\n<p>La Comisi\u00f3n de Descentralizaci\u00f3n y Participaci\u00f3n Ciudadana a partir de una iniciativa de la diputada Paula Penacca (FpV), sostiene que \u00abes atribuci\u00f3n de las Juntas Comunales de cada una de las Comunas, el llamado a consulta popular. Teniendo en cuenta la experiencia de la Comuna 9 que realiz\u00f3 la consulta popular en las elecciones del 2015 para denominarla con el nombre de Lisandro de la Torre -donde m\u00e1s de 62.000 ciudadanos votaron por la afirmativa- ser\u00eda necesario iniciar el proceso para la concreci\u00f3n de las consultas en el resto de las comunas de la Ciudad dentro del cronograma electoral del 2017\u00bb.<\/p>\n<p>Comuna 9, Lisandro de la TorreDenom\u00ednese a la Comuna 9 \u00abLisandro de la Torre\u00bb, expresa el \u00fanico art\u00edculo de la ley aprobada en forma definitiva por la Legislatura de la Ciudad Aut\u00f3noma de Buenos Aires. La Junta Comunal 9 dict\u00f3 una resoluci\u00f3n el 19 de diciembre de 2014, mediante la cual dispuso el llamado a consulta popular para las elecciones generales del 5 de julio de 2015 donde se impuso por el 79,9% la propuesta de denominarla \u00abLisandro de la Torre\u00bb. Adem\u00e1s, se cumpli\u00f3 con lo dispuesto en los art\u00edculos 89\u00b0, inc. 3 y 90 de la Constituci\u00f3n local realiz\u00e1ndose la Audiencia P\u00fablica el 12 de abril de 2016. Los impulsores del tr\u00e1mite legislativo fueron el Tribunal Superior de Justicia con un agregado de la propia Comuna 9.<\/p>\n<p>Preocupaci\u00f3n por venta de inmueblesLa Legislatura de la Ciudad Aut\u00f3noma de Buenos Aires manifest\u00f3 su \u00abpreocupaci\u00f3n por lo dispuesto en el Decreto N\u00b0 952\/PEN\/2016 que autoriza al Gobierno Nacional a realizar la venta de distintos inmuebles de dominio privado del Estado Nacional sitos en el \u00e1mbito de esta Ciudad Aut\u00f3noma de Buenos Aires\u00bb. El 19 de agosto de 2016 el Poder Ejecutivo Nacional suscribi\u00f3 el decreto que autoriza a la Agencia de Administraci\u00f3n de Bienes del Estado, a la venta de una serie de inmuebles propiedad del Estado Nacional; sobre 17 de ellos 13 corresponden a jurisdicci\u00f3n de esta ciudad. \u00abResulta de especial trascendencia que previo a la disposici\u00f3n que pretende hacer el Poder Ejecutivo Nacional de los bienes incluidos en esta jurisdicci\u00f3n, se abran canales de dialogo y trabajo conjunto en orden a la planificaci\u00f3n urban\u00edstica, de servicios p\u00fablicos y desarrollo sustentable de nuestra Ciudad\u00bb, anota la legisladora\u00a0 Mar\u00eda Rosa Mui\u00f1os (BP) autora de la declaraci\u00f3n aprobada sobre tablas.<\/p>\n<p>Comuna 1: Pedido de informesLa Legislatura\u00a0 ayer jueves solicit\u00f3 a la Junta Comunal de la Comuna N\u00b0 1 que en un plazo m\u00e1ximo de 30 d\u00edas, y a trav\u00e9s de los organismos que corresponda, informe sobre los puntos \u00abrelacionados con los presuntos hechos de malversaci\u00f3n de fondos por los que fuera denunciado el Presidente de la de la Junta Comunal de la Comuna N\u00b0 1, Roberto Oscar Salcedo\u00bb. Solicita \u00abcopia de las contrataciones y erogaciones presupuestarias efectuadas por la Junta Comunal de la Comuna N\u00b0 1 a partir de diciembre de 2015\u00bb y que \u00abindique en qu\u00e9 se utiliz\u00f3 el excedente presupuestario del ejercicio 2015\u00bb acompa\u00f1ando copia de contrataciones y gastos. La resoluci\u00f3n se aprob\u00f3 sobre un despacho de la Comisi\u00f3n de Descentralizaci\u00f3n y Participaci\u00f3n Ciudadana a partir de un proyecto autor\u00eda de la legisladora\u00a0 Mar\u00eda Andrea Conde (FpV).<\/p>\n","protected":false},"excerpt":{"rendered":"<p>Mediante una declaraci\u00f3n aprobada hoy el Cuerpo legislativo porte\u00f1o manifest\u00f3 que \u00abver\u00eda con inter\u00e9s que las Juntas Comunales de esta Ciudad inicien el proceso previstos por el Cap\u00edtulo 3, art\u00edculo 6\u00b0 (Territorialidad e identidad) de la Ley 1.777 para lograr la denominaci\u00f3n correspondiente a cada una de las comunas\u00bb. El articulado establece que las Comunas [&hellip;]<\/p>\n","protected":false},"author":2,"featured_media":12235,"comment_status":"open","ping_status":"open","sticky":false,"template":"","format":"standard","meta":{"_et_pb_use_builder":"","_et_pb_old_content":"","_et_gb_content_width":"","footnotes":""},"categories":[11,32],"tags":[],"class_list":["post-12234","post","type-post","status-publish","format-standard","has-post-thumbnail","hentry","category-ciudad","category-comunas"],"_links":{"self":[{"href":"https:\/\/vocesdebaires.com.ar\/index.php\/wp-json\/wp\/v2\/posts\/12234"}],"collection":[{"href":"https:\/\/vocesdebaires.com.ar\/index.php\/wp-json\/wp\/v2\/posts"}],"about":[{"href":"https:\/\/vocesdebaires.com.ar\/index.php\/wp-json\/wp\/v2\/types\/post"}],"author":[{"embeddable":true,"href":"https:\/\/vocesdebaires.com.ar\/index.php\/wp-json\/wp\/v2\/users\/2"}],"replies":[{"embeddable":true,"href":"https:\/\/vocesdebaires.com.ar\/index.php\/wp-json\/wp\/v2\/comments?post=12234"}],"version-history":[{"count":0,"href":"https:\/\/vocesdebaires.com.ar\/index.php\/wp-json\/wp\/v2\/posts\/12234\/revisions"}],"wp:featuredmedia":[{"embeddable":true,"href":"https:\/\/vocesdebaires.com.ar\/index.php\/wp-json\/wp\/v2\/media\/12235"}],"wp:attachment":[{"href":"https:\/\/vocesdebaires.com.ar\/index.php\/wp-json\/wp\/v2\/media?parent=12234"}],"wp:term":[{"taxonomy":"category","embeddable":true,"href":"https:\/\/vocesdebaires.com.ar\/index.php\/wp-json\/wp\/v2\/categories?post=12234"},{"taxonomy":"post_tag","embeddable":true,"href":"https:\/\/vocesdebaires.com.ar\/index.php\/wp-json\/wp\/v2\/tags?post=12234"}],"curies":[{"name":"wp","href":"https:\/\/api.w.org\/{rel}","templated":true}]}}